{"id":9578,"date":"2020-01-05T12:39:41","date_gmt":"2020-01-05T09:39:41","guid":{"rendered":"https:\/\/www.fener.org\/?p=9578"},"modified":"2020-01-05T12:39:48","modified_gmt":"2020-01-05T09:39:48","slug":"fenerbahce-beko-frutti-extra-bursasporu-agirliyor","status":"publish","type":"post","link":"https:\/\/www.fener.org\/index.php\/2020\/01\/05\/fenerbahce-beko-frutti-extra-bursasporu-agirliyor\/","title":{"rendered":"Fenerbah\u00e7e Beko, Frutti Extra Bursaspor\u2019u a\u011f\u0131rl\u0131yor"},"content":{"rendered":"\n<p>Fenerbah\u00e7e Beko, ING Basketbol S\u00fcper Ligi 15. hafta ma\u00e7\u0131nda Frutti Extra Bursaspor\u2019u konuk ediyor. Bug\u00fcn (5 Ocak Pazar g\u00fcn\u00fc) saat 13:00\u2019te \u00dclker Spor ve Etkinlik Salonu\u2019nda oynanacak m\u00fccadele Tivibu Spor 2 ekranlar\u0131ndan canl\u0131 yay\u0131nlanacak. Kar\u015f\u0131la\u015fmay\u0131 Kaan B\u00fcy\u00fck\u00e7il, Alper \u00d6zg\u00f6k, Musa Kaz\u0131m \u00c7etin hakem \u00fc\u00e7l\u00fcs\u00fc y\u00f6netecek.<\/p>\n\n\n\n<p>Fenerbah\u00e7e Beko, son resmi ma\u00e7\u0131na Turkish Airlines EuroLeague kulvar\u0131nda \u00e7\u0131kt\u0131. 2 Ocak Per\u015fembe g\u00fcn\u00fc Olympiacos\u2019a konuk olan Fenerbah\u00e7e Beko, rakibini 87-96 ile ge\u00e7erek 17. haftada 6. galibiyetini ald\u0131.<\/p>\n\n\n\n<p>Sar\u0131-lacivertliler, ING Basketbol S\u00fcper Ligi\u2019ndeki son ma\u00e7\u0131nda Arel \u00dcniversitesi B\u00fcy\u00fck\u00e7ekmece\u2019ye konuk oldu. Ekibimiz, 30 Aral\u0131k Pazartesi g\u00fcn\u00fc Gazanfer Bilge Spor Salonu\u2019nda oynanan kar\u015f\u0131la\u015fmada rakibini 68-92 ma\u011flup etti. Ekibimiz, ligde 14 ma\u00e7 sonunda 11 galibiyetini elde etti.<\/p>\n\n\n\n<p>Fenerbah\u00e7e Beko\u2019da Arel \u00dcniversitesi B\u00fcy\u00fck\u00e7ekmece ma\u00e7\u0131nda burkulmaya ba\u011fl\u0131 sa\u011f ayak bile\u011fi i\u00e7 yan ba\u011f zedelenmesi ya\u015fayan Ahmet D\u00fcverio\u011flu ile tedavi ve bireysel idman s\u00fcrecini devam ettiren Jan Vesely, Olympiacos ma\u00e7\u0131nda forma giyemedi.<\/p>\n\n\n\n<p>Serkan Erdo\u011fan taraf\u0131ndan \u00e7al\u0131\u015ft\u0131r\u0131lan Frutti Extra Bursaspor, bu sezon ligde oynad\u0131\u011f\u0131 14 ma\u00e7ta 7 galibiyet elde etti. Rakibimiz, son lig ma\u00e7\u0131nda Meksa Yat\u0131r\u0131m Afyon Belediyespor\u2019u 90-81 ile ge\u00e7ti.<\/p>\n","protected":false},"excerpt":{"rendered":"<p>Fenerbah\u00e7e Beko, ING Basketbol S\u00fcper Ligi 15. hafta ma\u00e7\u0131nda Frutti Extra Bursaspor\u2019u konuk ediyor. Bug\u00fcn (5 Ocak Pazar g\u00fcn\u00fc) saat 13:00\u2019te \u00dclker Spor ve Etkinlik Salonu\u2019nda oynanacak m\u00fccadele Tivibu Spor 2 ekranlar\u0131ndan canl\u0131 yay\u0131nlanacak. Kar\u015f\u0131la\u015fmay\u0131 Kaan B\u00fcy\u00fck\u00e7il, Alper \u00d6zg\u00f6k, Musa Kaz\u0131m \u00c7etin hakem \u00fc\u00e7l\u00fcs\u00fc y\u00f6netecek. Fenerbah\u00e7e Beko, son resmi ma\u00e7\u0131na Turkish Airlines EuroLeague kulvar\u0131nda \u00e7\u0131kt\u0131. [&hellip;]<\/p>\n","protected":false},"author":1,"featured_media":9510,"comment_status":"closed","ping_status":"closed","sticky":false,"template":"","format":"standard","meta":{"jnews-multi-image_gallery":[],"jnews_single_post":{"subtitle":"Fenerbah\u00e7e Erkek Basketbol Tak\u0131m\u0131m\u0131z, Basketbol S\u00fcper Ligi 15. hafta ma\u00e7\u0131nda Frutti Extra Bursaspor\u2019u a\u011f\u0131rl\u0131yor.","format":"standard","video":"","gallery":"","source_name":"","source_url":"","via_name":"","via_url":"","override":[{"single_blog_custom":"","sidebar":"","second_sidebar":"","share_position":"","share_float_style":"","post_date_format":"","post_date_format_custom":"","post_reading_time_wpm":"","zoom_button_out_step":"1","zoom_button_in_step":"1","number_popup_post":"1"}],"image_override":[{"single_post_thumbnail_size":"","single_post_gallery_size":""}],"trending_post_position":"","trending_post_label":""},"jnews_primary_category":{"id":"5"},"jnews_social_meta":{"fb_title":"","fb_description":"","fb_image":"","twitter_title":"","twitter_description":"","twitter_image":""},"jnews_override_counter":{"view_counter_number":"0","share_counter_number":"0","like_counter_number":"0","dislike_counter_number":"0"},"footnotes":""},"categories":[5,6,2],"tags":[24,23],"class_list":["post-9578","post","type-post","status-publish","format-standard","has-post-thumbnail","hentry","category-basketbol","category-erkek-basketbol","category-haberler","tag-basketbol","tag-fenerbahce"],"amp_enabled":true,"_links":{"self":[{"href":"https:\/\/www.fener.org\/index.php\/wp-json\/wp\/v2\/posts\/9578","targetHints":{"allow":["GET"]}}],"collection":[{"href":"https:\/\/www.fener.org\/index.php\/wp-json\/wp\/v2\/posts"}],"about":[{"href":"https:\/\/www.fener.org\/index.php\/wp-json\/wp\/v2\/types\/post"}],"author":[{"embeddable":true,"href":"https:\/\/www.fener.org\/index.php\/wp-json\/wp\/v2\/users\/1"}],"replies":[{"embeddable":true,"href":"https:\/\/www.fener.org\/index.php\/wp-json\/wp\/v2\/comments?post=9578"}],"version-history":[{"count":1,"href":"https:\/\/www.fener.org\/index.php\/wp-json\/wp\/v2\/posts\/9578\/revisions"}],"predecessor-version":[{"id":9579,"href":"https:\/\/www.fener.org\/index.php\/wp-json\/wp\/v2\/posts\/9578\/revisions\/9579"}],"wp:featuredmedia":[{"embeddable":true,"href":"https:\/\/www.fener.org\/index.php\/wp-json\/wp\/v2\/media\/9510"}],"wp:attachment":[{"href":"https:\/\/www.fener.org\/index.php\/wp-json\/wp\/v2\/media?parent=9578"}],"wp:term":[{"taxonomy":"category","embeddable":true,"href":"https:\/\/www.fener.org\/index.php\/wp-json\/wp\/v2\/categories?post=9578"},{"taxonomy":"post_tag","embeddable":true,"href":"https:\/\/www.fener.org\/index.php\/wp-json\/wp\/v2\/tags?post=9578"}],"curies":[{"name":"wp","href":"https:\/\/api.w.org\/{rel}","templated":true}]}}