{"id":9575,"date":"2020-01-04T19:38:24","date_gmt":"2020-01-04T16:38:24","guid":{"rendered":"https:\/\/www.fener.org\/?p=9575"},"modified":"2020-01-04T19:38:29","modified_gmt":"2020-01-04T16:38:29","slug":"birevim-elazig-il-ozel-idare-87-84-fenerbahce-oznur-kablo","status":"publish","type":"post","link":"https:\/\/www.fener.org\/index.php\/2020\/01\/04\/birevim-elazig-il-ozel-idare-87-84-fenerbahce-oznur-kablo\/","title":{"rendered":"Birevim Elaz\u0131\u011f \u0130l \u00d6zel \u0130dare 87-84 Fenerbah\u00e7e \u00d6znur Kablo"},"content":{"rendered":"\n<p>Fenerbah\u00e7e \u00d6znur Kablo, Herbalife Nutrition Kad\u0131nlar Basketbol S\u00fcper Ligi 13. hafta ma\u00e7\u0131nda Birevim Elaz\u0131\u011f \u0130l \u00d6zel \u0130dare\u2019ye konuk oldu. Kar\u015f\u0131la\u015fma 87-84 ev sahibi ekibin galibiyetiyle tamamland\u0131.<\/p>\n\n\n\n<p>Alina Iagupova kaydetti\u011fi 29 say\u0131yla tak\u0131m\u0131n skoreri olurken, Cecilia Zandalasini de 21 say\u0131yla \u00e7ift hanelerde say\u0131 \u00fcretti.<\/p>\n\n\n\n<p>Elaz\u0131\u011f \u0130l \u00d6zel \u0130dare Spor Salonu\u2019nda oynanan ma\u00e7a Fenerbah\u00e7e \u00d6znur Kablo; Olcay \u00c7ak\u0131r Turgut, Alina Iagupova, Cecilia Zandalasini, Kiah Stokes, Elizabeth Williams be\u015fiyle ba\u015flad\u0131.<\/p>\n\n\n\n<p>Williams ve Iagupova\u2019n\u0131n kaydetti\u011fi 4-0\u2019l\u0131k seriyle ba\u015flayan kar\u015f\u0131la\u015fmada 6-6 e\u015fitli\u011fin ard\u0131ndan \u00f6ne ge\u00e7en ev sahibi ekip, televizyon molas\u0131n\u0131 15-8 \u00f6nde ge\u00e7ti. Mola d\u00f6n\u00fc\u015f\u00fc fark erimeyince ilk periyot 26-14 Birevim Elaz\u0131\u011f \u0130l \u00d6zel \u0130dare \u00fcst\u00fcnl\u00fc\u011f\u00fcyle tamamland\u0131.<\/p>\n\n\n\n<p>\u0130kinci periyotta televizyon molas\u0131n\u0131n 32-21 ev sahibi ekibin \u00fcst\u00fcnl\u00fc\u011f\u00fcyle ge\u00e7ildi\u011fi kar\u015f\u0131la\u015fmada fark 15 say\u0131ya y\u00fckselince Ba\u015fantren\u00f6r\u00fcm\u00fcz Victor Lapena\u2019dan mola geldi: 39-24. Mola d\u00f6n\u00fc\u015f\u00fc Zandalasini, Tu\u011f\u00e7e ve Olcay\u2019\u0131n kaydetti\u011fi say\u0131larla fark\u0131 8 say\u0131ya indiren Fenerbah\u00e7e \u00d6znur Kablo, bu kez rakibine mola ald\u0131rd\u0131: 41-33. M\u00fccadelenin ilk yar\u0131s\u0131 48-37 tamamland\u0131.<\/p>\n\n\n\n<p>Kar\u015f\u0131l\u0131kl\u0131 say\u0131larla ba\u015flayan ikinci yar\u0131da 55-46\u2019l\u0131k skorla ge\u00e7ilen televizyon molas\u0131n\u0131n ard\u0131ndan Sevgi Uzun ve Alina Iagupova\u2019n\u0131n basketleriyle fark\u0131 eriten Fenerbah\u00e7e \u00d6znur Kablo, rakibine mola ald\u0131rd\u0131: 57-53. Laura Nicholls ve Slonjsak\u2019\u0131n kar\u015f\u0131l\u0131kl\u0131 basketleriyle s\u00fcren oyunda bu kez Victor Lapena mola ald\u0131. \u00dc\u00e7\u00fcnc\u00fc periyot 63-58\u2019lik skorla tamamland\u0131.<\/p>\n\n\n\n<p>D\u00f6rd\u00fcnc\u00fc periyodun ba\u015f\u0131nda Iagupova ile fark\u0131 3 say\u0131ya indiren Potan\u0131n Krali\u00e7eleri, rakibin \u00fc\u00e7l\u00fcklerine engel olamad\u0131 ve 3 dakika sonunda skor 71-62 olunca Victor Lapena\u2019dan mola geldi. Son b\u00f6l\u00fcm\u00fc b\u00fcy\u00fck \u00e7eki\u015fmeye sahne olan kar\u015f\u0131la\u015fman\u0131n bitimine 11 saniye kala Zandalasini\u2019nin \u00fc\u00e7l\u00fc\u011f\u00fcyle fark\u0131 1 say\u0131ya indiren Fenerbah\u00e7e \u00d6znur Kablo, kar\u015f\u0131l\u0131kl\u0131 faullerin ard\u0131ndan m\u00fccadele 87-84 Birevim Elaz\u0131\u011f \u0130l \u00d6zel \u0130dare galibiyetiyle tamamland\u0131.<\/p>\n","protected":false},"excerpt":{"rendered":"<p>Fenerbah\u00e7e \u00d6znur Kablo, Herbalife Nutrition Kad\u0131nlar Basketbol S\u00fcper Ligi 13. hafta ma\u00e7\u0131nda Birevim Elaz\u0131\u011f \u0130l \u00d6zel \u0130dare\u2019ye konuk oldu. Kar\u015f\u0131la\u015fma 87-84 ev sahibi ekibin galibiyetiyle tamamland\u0131. Alina Iagupova kaydetti\u011fi 29 say\u0131yla tak\u0131m\u0131n skoreri olurken, Cecilia Zandalasini de 21 say\u0131yla \u00e7ift hanelerde say\u0131 \u00fcretti. Elaz\u0131\u011f \u0130l \u00d6zel \u0130dare Spor Salonu\u2019nda oynanan ma\u00e7a Fenerbah\u00e7e \u00d6znur Kablo; Olcay [&hellip;]<\/p>\n","protected":false},"author":1,"featured_media":9576,"comment_status":"closed","ping_status":"closed","sticky":false,"template":"","format":"standard","meta":{"jnews-multi-image_gallery":[],"jnews_single_post":{"subtitle":"Fenerbah\u00e7e Kad\u0131n Basketbol Tak\u0131m\u0131m\u0131z, Kad\u0131nlar Basketbol S\u00fcper Ligi 13. hafta ma\u00e7\u0131nda deplasmanda Birevim Elaz\u0131\u011f \u0130l \u00d6zel \u0130dare ile oynad\u0131\u011f\u0131 m\u00fccadeleden ma\u011flup ayr\u0131larak ligdeki ilk yenilgisini ald\u0131.","format":"standard","video":"","gallery":"","source_name":"","source_url":"","via_name":"","via_url":"","override":[{"single_blog_custom":"","sidebar":"","second_sidebar":"","share_position":"","share_float_style":"","post_date_format":"","post_date_format_custom":"","post_reading_time_wpm":"","zoom_button_out_step":"1","zoom_button_in_step":"1","number_popup_post":"1"}],"image_override":[{"single_post_thumbnail_size":"","single_post_gallery_size":""}],"trending_post_position":"","trending_post_label":""},"jnews_primary_category":{"id":"5"},"jnews_social_meta":{"fb_title":"","fb_description":"","fb_image":"","twitter_title":"","twitter_description":"","twitter_image":""},"jnews_override_counter":{"view_counter_number":"0","share_counter_number":"0","like_counter_number":"0","dislike_counter_number":"0"},"footnotes":""},"categories":[5,2,7],"tags":[24,23],"class_list":["post-9575","post","type-post","status-publish","format-standard","has-post-thumbnail","hentry","category-basketbol","category-haberler","category-kadin-basketbol","tag-basketbol","tag-fenerbahce"],"amp_enabled":true,"_links":{"self":[{"href":"https:\/\/www.fener.org\/index.php\/wp-json\/wp\/v2\/posts\/9575","targetHints":{"allow":["GET"]}}],"collection":[{"href":"https:\/\/www.fener.org\/index.php\/wp-json\/wp\/v2\/posts"}],"about":[{"href":"https:\/\/www.fener.org\/index.php\/wp-json\/wp\/v2\/types\/post"}],"author":[{"embeddable":true,"href":"https:\/\/www.fener.org\/index.php\/wp-json\/wp\/v2\/users\/1"}],"replies":[{"embeddable":true,"href":"https:\/\/www.fener.org\/index.php\/wp-json\/wp\/v2\/comments?post=9575"}],"version-history":[{"count":1,"href":"https:\/\/www.fener.org\/index.php\/wp-json\/wp\/v2\/posts\/9575\/revisions"}],"predecessor-version":[{"id":9577,"href":"https:\/\/www.fener.org\/index.php\/wp-json\/wp\/v2\/posts\/9575\/revisions\/9577"}],"wp:featuredmedia":[{"embeddable":true,"href":"https:\/\/www.fener.org\/index.php\/wp-json\/wp\/v2\/media\/9576"}],"wp:attachment":[{"href":"https:\/\/www.fener.org\/index.php\/wp-json\/wp\/v2\/media?parent=9575"}],"wp:term":[{"taxonomy":"category","embeddable":true,"href":"https:\/\/www.fener.org\/index.php\/wp-json\/wp\/v2\/categories?post=9575"},{"taxonomy":"post_tag","embeddable":true,"href":"https:\/\/www.fener.org\/index.php\/wp-json\/wp\/v2\/tags?post=9575"}],"curies":[{"name":"wp","href":"https:\/\/api.w.org\/{rel}","templated":true}]}}