{"id":9536,"date":"2019-12-30T17:35:11","date_gmt":"2019-12-30T14:35:11","guid":{"rendered":"https:\/\/www.fener.org\/?p=9536"},"modified":"2019-12-30T17:35:14","modified_gmt":"2019-12-30T14:35:14","slug":"atletlerimizden-yeni-rekorlar","status":"publish","type":"post","link":"https:\/\/www.fener.org\/index.php\/2019\/12\/30\/atletlerimizden-yeni-rekorlar\/","title":{"rendered":"Atletlerimizden yeni rekorlar"},"content":{"rendered":"\n<p>Ge\u00e7en hafta 4&#215;200 metrede kul\u00fcb\u00fcz sporcular\u0131n\u0131n k\u0131rm\u0131\u015f oldu\u011fu 1:29.79 derecelik U20 \u2013 B\u00fcy\u00fckler Salon Rekoru, 28 Aral\u0131k tarihinde yine kul\u00fcb\u00fcz sporcular\u0131ndan olu\u015fan fakl\u0131 bir d\u00f6rtl\u00fc ile k\u0131r\u0131ld\u0131. \u0130lyas \u00c7anak\u00e7\u0131, A\u015fk\u0131n Sadi A\u015fk\u0131n, O\u011fuz Uyar ve Burak Karata\u015f, 1:27:16 ile ge\u00e7en hafta k\u0131r\u0131lan rekoru 1 bu\u00e7uk saniyeden fazla geli\u015ftirdi.<br>\u00a0<br>\u00d6te yandan 29 Aral\u0131k Pazar g\u00fcn\u00fc atletimiz \u0130lyas \u00c7anak\u00e7\u0131, 300 metrede 33,95\u2019lik derecesiyle U20 T\u00fcrkiye Salon rekorunun sahibi oldu. <\/p>\n","protected":false},"excerpt":{"rendered":"<p>Ge\u00e7en hafta 4&#215;200 metrede kul\u00fcb\u00fcz sporcular\u0131n\u0131n k\u0131rm\u0131\u015f oldu\u011fu 1:29.79 derecelik U20 \u2013 B\u00fcy\u00fckler Salon Rekoru, 28 Aral\u0131k tarihinde yine kul\u00fcb\u00fcz sporcular\u0131ndan olu\u015fan fakl\u0131 bir d\u00f6rtl\u00fc ile k\u0131r\u0131ld\u0131. \u0130lyas \u00c7anak\u00e7\u0131, A\u015fk\u0131n Sadi A\u015fk\u0131n, O\u011fuz Uyar ve Burak Karata\u015f, 1:27:16 ile ge\u00e7en hafta k\u0131r\u0131lan rekoru 1 bu\u00e7uk saniyeden fazla geli\u015ftirdi.\u00a0\u00d6te yandan 29 Aral\u0131k Pazar g\u00fcn\u00fc atletimiz \u0130lyas [&hellip;]<\/p>\n","protected":false},"author":1,"featured_media":9537,"comment_status":"closed","ping_status":"closed","sticky":false,"template":"","format":"standard","meta":{"jnews-multi-image_gallery":[],"jnews_single_post":{"subtitle":"Atletizmde Salon Rekor Deneme Yar\u0131\u015fmalar\u0131, 28-29 Aral\u0131k 2019 tarihinde \u0130stanbul Atak\u00f6y Kapal\u0131 Spor Salonu\u2019nda ger\u00e7ekle\u015ftirildi.","format":"standard","video":"","gallery":"","source_name":"","source_url":"","via_name":"","via_url":"","override":[{"single_blog_custom":"","sidebar":"","second_sidebar":"","share_position":"","share_float_style":"","post_date_format":"","post_date_format_custom":"","post_reading_time_wpm":"","zoom_button_out_step":"1","zoom_button_in_step":"1","number_popup_post":"1"}],"image_override":[{"single_post_thumbnail_size":"","single_post_gallery_size":""}],"trending_post_position":"","trending_post_label":""},"jnews_primary_category":{"id":"13"},"jnews_social_meta":{"fb_title":"","fb_description":"","fb_image":"","twitter_title":"","twitter_description":"","twitter_image":""},"jnews_override_counter":{"view_counter_number":"0","share_counter_number":"0","like_counter_number":"0","dislike_counter_number":"0"},"footnotes":""},"categories":[13,2],"tags":[32,23],"class_list":["post-9536","post","type-post","status-publish","format-standard","has-post-thumbnail","hentry","category-atletizm","category-haberler","tag-atletizm","tag-fenerbahce"],"amp_enabled":true,"_links":{"self":[{"href":"https:\/\/www.fener.org\/index.php\/wp-json\/wp\/v2\/posts\/9536","targetHints":{"allow":["GET"]}}],"collection":[{"href":"https:\/\/www.fener.org\/index.php\/wp-json\/wp\/v2\/posts"}],"about":[{"href":"https:\/\/www.fener.org\/index.php\/wp-json\/wp\/v2\/types\/post"}],"author":[{"embeddable":true,"href":"https:\/\/www.fener.org\/index.php\/wp-json\/wp\/v2\/users\/1"}],"replies":[{"embeddable":true,"href":"https:\/\/www.fener.org\/index.php\/wp-json\/wp\/v2\/comments?post=9536"}],"version-history":[{"count":1,"href":"https:\/\/www.fener.org\/index.php\/wp-json\/wp\/v2\/posts\/9536\/revisions"}],"predecessor-version":[{"id":9538,"href":"https:\/\/www.fener.org\/index.php\/wp-json\/wp\/v2\/posts\/9536\/revisions\/9538"}],"wp:featuredmedia":[{"embeddable":true,"href":"https:\/\/www.fener.org\/index.php\/wp-json\/wp\/v2\/media\/9537"}],"wp:attachment":[{"href":"https:\/\/www.fener.org\/index.php\/wp-json\/wp\/v2\/media?parent=9536"}],"wp:term":[{"taxonomy":"category","embeddable":true,"href":"https:\/\/www.fener.org\/index.php\/wp-json\/wp\/v2\/categories?post=9536"},{"taxonomy":"post_tag","embeddable":true,"href":"https:\/\/www.fener.org\/index.php\/wp-json\/wp\/v2\/tags?post=9536"}],"curies":[{"name":"wp","href":"https:\/\/api.w.org\/{rel}","templated":true}]}}