{"id":9529,"date":"2019-12-29T21:42:47","date_gmt":"2019-12-29T18:42:47","guid":{"rendered":"https:\/\/www.fener.org\/?p=9529"},"modified":"2019-12-29T21:42:55","modified_gmt":"2019-12-29T18:42:55","slug":"caykur-rizespor-1-2-fenerbahce","status":"publish","type":"post","link":"https:\/\/www.fener.org\/index.php\/2019\/12\/29\/caykur-rizespor-1-2-fenerbahce\/","title":{"rendered":"\u00c7aykur Rizespor 1-2 Fenerbah\u00e7e"},"content":{"rendered":"\n<p>Fenerbah\u00e7emiz, S\u00fcper Lig&#8217;de ilk devrenin son haftas\u0131nda deplasmanda \u00c7aykur Rizespor ile kar\u015f\u0131la\u015ft\u0131. Karadeniz ekibini Deniz T\u00fcr\u00fc\u00e7 ve Jailson golleriyle 2-1 yenen Tak\u0131m\u0131m\u0131z, ilk yar\u0131y\u0131 31 puanla tamamlad\u0131. \u00c7aykur Rizespor&#8217;un tek gol\u00fc Abarhoun&#8217;dan geldi.<\/p>\n\n\n\n<p>Fenerba\u00e7e&#8217;de teknik direkt\u00f6r\u00fc Ersun Yanal,  Be\u015fikta\u015f derbisindeki 11&#8217;inden mecburi bir de\u011fi\u015fiklik yapt\u0131. Yanal, sar\u0131  kart cezal\u0131s\u0131 Serdar Aziz&#8217;in yerine Zanka&#8217;ya g\u00f6rev verdi. Yanal, kalede  Altay&#8217;a g\u00f6rev verirken; savunma d\u00f6rtl\u00fcs\u00fcn\u00fc Isla, Jailson, Zanka ve  Dirar&#8217;dan olu\u015fturdu. Savunman\u0131n \u00f6n\u00fcnde Gustavo ve Ozan Tufan forma  giyerken; kanatlarda Tolga Ci\u011ferci ile Deniz T\u00fcr\u00fc\u00e7, santrafor arkas\u0131nda  Kruse, ileri u\u00e7ta Vedat Muri\u00e7 yer ald\u0131. Sar\u0131-lacivertli ekipte Be\u015fikta\u015f  ma\u00e7\u0131nda g\u00f6rd\u00fc\u011f\u00fc sar\u0131 kart ile cezal\u0131 duruma d\u00fc\u015fen Serdar Aziz&#8217;in yan\u0131  s\u0131ra sakatl\u0131klar\u0131 bulunan Victor Moses, Hasan Ali Kald\u0131r\u0131m, Miha Zajc ve  Sad\u0131k \u00c7iftp\u0131nar, Rize&#8217;ye getirilmedi. Sakatl\u0131\u011f\u0131 nedeniyle ge\u00e7en hafta  Be\u015fikta\u015f derbisinde forma giyemeyen Emre Belezo\u011flu ise yedekler aras\u0131nda  yer ald\u0131.<\/p>\n\n\n<p><strong>Ma\u00e7tan dakikalar:<\/strong><\/p>\n<div>\n<div>11.&#8217;inci dakikada Ozan Tufan, ceza sahas\u0131 sol i\u00e7inde topa sert vurdu. Kaleci G\u00f6khan, tehlikeyi \u00f6nledi. <br \/><br \/>12. dakikada Isla kafayla topu ceza yay\u0131 i\u00e7ine g\u00f6nderdi. Diomande, topa elle m\u00fcdahele edince konuk ekip tehlikeli b\u00f6lgeden serbest vuru\u015f kazand\u0131. <br \/><br \/>13. Serbest vuru\u015f i\u00e7in topun ba\u015f\u0131na Isla ile Deniz T\u00fcr\u00fc\u00e7 ge\u00e7ti. Deniz T\u00fcr\u00fc\u00e7, Isla&#8217;n\u0131n b\u0131rakt\u0131\u011f\u0131 topu sol aya\u011f\u0131yla sol 90&#8217;a vurdu, kaleci G\u00f6khan&#8217;\u0131n \u00e7abalar\u0131 sonu\u00e7suz kald\u0131 ve konuk ekip ma\u00e7ta 1-0 \u00f6ne ge\u00e7ti.<\/div>\n<\/div>\n<p><span style=\"font-size: 14px;\">18.&#8217; Sa\u011f kanattan Fernando Boldrin&#8217;in ceza alan\u0131na g\u00f6nderdi\u011fi k\u00f6\u015fe vuru\u015funda arka direkte Melnjak kafayla topu indirdi. Mohamed Abarhoun, Zanka&#8217;ya ra\u011fmen kafay\u0131 vurdu ve topu sol dire\u011fin yan\u0131ndan a\u011flarla bulu\u015fturdu. Pozisyonda Zanka&#8217;n\u0131n dizi kafas\u0131na gelen Abarhoun k\u0131sa s\u00fcreli sakatl\u0131k ge\u00e7irdi.<\/span><\/p>\n<p><span style=\"font-size: 14px;\">32.&#8217; Deniz T\u00fcr\u00fc\u00e7, sa\u011f kanattan ceza sahas\u0131na i\u00e7ine ortalad\u0131. Topa y\u00fckselen Vedat Muri\u00e7, Abarhoun ile m\u00fccadelesinde yerde kald\u0131 ve Fenerbah\u00e7eli oyuncular penalt\u0131 itiraz\u0131 yapt\u0131; Halil Umut Meler, devam dedi.<\/span><\/p>\n<div>\n<div>41.&#8217; Orhan sa\u011f kanattan uzak dire\u011fe ortalad\u0131. O\u011fulcan&#8217;\u0131n yatarak m\u00fcdahele etme iste\u011finde ba\u015far\u0131l\u0131 olamay\u0131nca top auta gitti ve ev sahibi ekip golden goldu.\u00a0<\/div>\n<br \/>\n<div>42.&#8217; Dirar&#8217;\u0131n soldan ceza sahs\u0131 i\u00e7erisine ortas\u0131nda, Ozan Tufan&#8217;\u0131n penalt\u0131 noktas\u0131 \u00fczerinde kafa vuru\u015funda top yandan auta \u00e7\u0131kt\u0131<\/div>\n<br \/>\n<div>2. YARI<\/div>\n<br \/>\n<div>58.&#8217; \u00c7aykur Rizespor ceza yay\u0131 yak\u0131n\u0131nda Ozan Tufan&#8217;a yap\u0131lan hareket sonras\u0131 Fenerbah\u00e7e serbest vuru\u015f kazand\u0131. Topun ba\u015f\u0131na ge\u00e7en Deniz T\u00fcr\u00fc\u00e7&#8217;\u00fcn vuru\u015funda top sa\u011f dire\u011fin hemen yay\u0131ndan auta gitti.\u00a0<br \/><br \/>70.&#8217; Jailson, kaleyi hafif sa\u011f \u00e7aprazdan g\u00f6ren ve yakla\u015f\u0131k 30 metre uzaktan \u00e7ok sert vurdu. Top a\u011flarla bulu\u015ftu ve Fenerbah\u00e7e 2-1 \u00f6ne ge\u00e7ti.\u00a0<br \/><br \/>77.&#8217; Fenerbah\u00e7e cezasahas\u0131 sa\u011f yan \u00e7izgisi yak\u0131n\u0131ndan \u00c7aykur Rizespor serbest vuru\u015f kazand\u0131. Boldrin&#8217;in \u00e7aprazdan direk kaleye g\u00f6nderdi\u011fi\u011f serbest vuru\u015fta kaleci Altay son anda parmaklar\u0131yla dokundu ve topu son anda kornere g\u00f6nderdi.<\/div>\n<br \/>\n<div>85.&#8217; Rizespor ata\u011f\u0131nda Aminu soldan topla cezasahas\u0131na hareketlendi. Gustavo&#8217;ya ra\u011fmen \u015futunu \u00e7ekti. Kaleci Altay, iki hamlede topu kontrol etti ve mutlak gol\u00fc \u00f6nledi.<\/div>\n<\/div>\n<div>\u00a0<\/div>\n<div>Ma\u00e7ta ba\u015fka gol olmay\u0131nca Fenerbah\u00e7e sahadan 2-1 galip ayr\u0131ld\u0131.<\/div>","protected":false},"excerpt":{"rendered":"<p>Fenerbah\u00e7emiz, S\u00fcper Lig&#8217;de ilk devrenin son haftas\u0131nda deplasmanda \u00c7aykur Rizespor ile kar\u015f\u0131la\u015ft\u0131. Karadeniz ekibini Deniz T\u00fcr\u00fc\u00e7 ve Jailson golleriyle 2-1 yenen Tak\u0131m\u0131m\u0131z, ilk yar\u0131y\u0131 31 puanla tamamlad\u0131. \u00c7aykur Rizespor&#8217;un tek gol\u00fc Abarhoun&#8217;dan geldi. Fenerba\u00e7e&#8217;de teknik direkt\u00f6r\u00fc Ersun Yanal, Be\u015fikta\u015f derbisindeki 11&#8217;inden mecburi bir de\u011fi\u015fiklik yapt\u0131. Yanal, sar\u0131 kart cezal\u0131s\u0131 Serdar Aziz&#8217;in yerine Zanka&#8217;ya g\u00f6rev verdi. [&hellip;]<\/p>\n","protected":false},"author":1,"featured_media":9530,"comment_status":"closed","ping_status":"closed","sticky":false,"template":"","format":"standard","meta":{"jnews-multi-image_gallery":[],"jnews_single_post":{"subtitle":"Fenerbah\u00e7e, S\u00fcper Lig 17. haftas\u0131nda deplasmanda \u00c7aykur Rizespor ile oynad\u011f\u0131 m\u00fccadeleyi kazanarak ilk devreyi galibiyetle kapatt\u0131.","format":"standard","video":"","gallery":"","source_name":"","source_url":"","via_name":"","via_url":"","override":[{"single_blog_custom":"","sidebar":"","second_sidebar":"","share_position":"","share_float_style":"","post_date_format":"","post_date_format_custom":"","post_reading_time_wpm":"","zoom_button_out_step":"1","zoom_button_in_step":"1","number_popup_post":"1"}],"image_override":[{"single_post_thumbnail_size":"","single_post_gallery_size":""}],"trending_post_position":"","trending_post_label":""},"jnews_primary_category":{"id":"4"},"jnews_social_meta":{"fb_title":"","fb_description":"","fb_image":"","twitter_title":"","twitter_description":"","twitter_image":""},"jnews_override_counter":{"view_counter_number":"0","share_counter_number":"0","like_counter_number":"0","dislike_counter_number":"0"},"footnotes":""},"categories":[4,2,47],"tags":[23,54],"class_list":["post-9529","post","type-post","status-publish","format-standard","has-post-thumbnail","hentry","category-futbol","category-haberler","category-profesyonel-a-futbol-takimi","tag-fenerbahce","tag-futbol"],"amp_enabled":true,"_links":{"self":[{"href":"https:\/\/www.fener.org\/index.php\/wp-json\/wp\/v2\/posts\/9529","targetHints":{"allow":["GET"]}}],"collection":[{"href":"https:\/\/www.fener.org\/index.php\/wp-json\/wp\/v2\/posts"}],"about":[{"href":"https:\/\/www.fener.org\/index.php\/wp-json\/wp\/v2\/types\/post"}],"author":[{"embeddable":true,"href":"https:\/\/www.fener.org\/index.php\/wp-json\/wp\/v2\/users\/1"}],"replies":[{"embeddable":true,"href":"https:\/\/www.fener.org\/index.php\/wp-json\/wp\/v2\/comments?post=9529"}],"version-history":[{"count":1,"href":"https:\/\/www.fener.org\/index.php\/wp-json\/wp\/v2\/posts\/9529\/revisions"}],"predecessor-version":[{"id":9531,"href":"https:\/\/www.fener.org\/index.php\/wp-json\/wp\/v2\/posts\/9529\/revisions\/9531"}],"wp:featuredmedia":[{"embeddable":true,"href":"https:\/\/www.fener.org\/index.php\/wp-json\/wp\/v2\/media\/9530"}],"wp:attachment":[{"href":"https:\/\/www.fener.org\/index.php\/wp-json\/wp\/v2\/media?parent=9529"}],"wp:term":[{"taxonomy":"category","embeddable":true,"href":"https:\/\/www.fener.org\/index.php\/wp-json\/wp\/v2\/categories?post=9529"},{"taxonomy":"post_tag","embeddable":true,"href":"https:\/\/www.fener.org\/index.php\/wp-json\/wp\/v2\/tags?post=9529"}],"curies":[{"name":"wp","href":"https:\/\/api.w.org\/{rel}","templated":true}]}}