{"id":9518,"date":"2019-12-28T00:16:21","date_gmt":"2019-12-27T21:16:21","guid":{"rendered":"https:\/\/www.fener.org\/?p=9518"},"modified":"2019-12-28T00:16:27","modified_gmt":"2019-12-27T21:16:27","slug":"obradovic-inanilmaz-bir-macti","status":"publish","type":"post","link":"https:\/\/www.fener.org\/index.php\/2019\/12\/28\/obradovic-inanilmaz-bir-macti\/","title":{"rendered":"Obradovic: \u0130nan\u0131lmaz bir ma\u00e7t\u0131"},"content":{"rendered":"\n<p>Bug\u00fcn oynama \u015fekillerinden memnun oldu\u011funu belirten Zeljko Obradovic, ma\u00e7\u0131n ard\u0131ndan yapt\u0131\u011f\u0131 de\u011ferlendirmede \u015funlar\u0131 s\u00f6yledi:<\/p>\n\n\n\n<blockquote class=\"wp-block-quote is-layout-flow wp-block-quote-is-layout-flow\"><p>&#8220;\u0130nan\u0131lmaz bir ma\u00e7t\u0131. \u0130lk yar\u0131da \u00e7ok iyi oynad\u0131k. \u0130kinci yar\u0131da da bir\u00e7ok dakikada ayn\u0131 \u015fekilde\u2026 Ma\u00e7\u0131n sonuna geldi\u011finizde kontrol etmiyorduk. Bug\u00fcn oynama \u015fekillerinden \u00e7ok mutluyum. San\u0131r\u0131m ilk defa ma\u00e7\u0131 kontrol etme \u015fekillerinden \u00f6zellikle savunmada ve savunmada nas\u0131l oynad\u0131klar\u0131nda mutluyum, tatmin oldum; oyun \u015fekillerinden. Ma\u00e7\u0131n sonunda da iyi olmayan kararlar vard\u0131. Mucize bir \u015fekilde ma\u00e7 uzatmaya gitti. Normal s\u00fcrede de kazanmam\u0131z i\u00e7in \u00e7ok iyi f\u0131rsat vard\u0131. Uzatmada son 1 dakika kala 7 say\u0131 \u00f6ndeysen sahanda kazanma \u015fans\u0131n\u0131z \u00e7ok y\u00fcksektir. \u00c7ok fazla \u015fey oldu. Valencia\u2019y\u0131 tebrik ediyorum. Sonuna kadar sava\u015ft\u0131lar. \u00c7ok iyi tak\u0131m. Oyuncular\u0131ma da te\u015fekk\u00fcr ediyorum, \u00e7ok sava\u015ft\u0131lar ancak rakibimiz kazanmay\u0131 hak etti. Taraftarlara da m\u00fcthi\u015f destekleri i\u00e7in te\u015fekk\u00fcr ediyorum. Bu bir basketbol ma\u00e7\u0131, hepsine inan\u0131yorum. Sahada Nando, Bobby, Gigi, Kostas ve bir uzunumuz vard\u0131. Hepsi \u00e7ok iyi \u015fut\u00f6rler ama g\u00f6rd\u00fc\u011f\u00fcn\u00fcz \u015fekilde top kayb\u0131 yapt\u0131k.&#8221;<\/p><\/blockquote>\n","protected":false},"excerpt":{"rendered":"<p>Bug\u00fcn oynama \u015fekillerinden memnun oldu\u011funu belirten Zeljko Obradovic, ma\u00e7\u0131n ard\u0131ndan yapt\u0131\u011f\u0131 de\u011ferlendirmede \u015funlar\u0131 s\u00f6yledi: &#8220;\u0130nan\u0131lmaz bir ma\u00e7t\u0131. \u0130lk yar\u0131da \u00e7ok iyi oynad\u0131k. \u0130kinci yar\u0131da da bir\u00e7ok dakikada ayn\u0131 \u015fekilde\u2026 Ma\u00e7\u0131n sonuna geldi\u011finizde kontrol etmiyorduk. Bug\u00fcn oynama \u015fekillerinden \u00e7ok mutluyum. San\u0131r\u0131m ilk defa ma\u00e7\u0131 kontrol etme \u015fekillerinden \u00f6zellikle savunmada ve savunmada nas\u0131l oynad\u0131klar\u0131nda mutluyum, tatmin oldum; [&hellip;]<\/p>\n","protected":false},"author":1,"featured_media":9519,"comment_status":"closed","ping_status":"closed","sticky":false,"template":"","format":"standard","meta":{"jnews-multi-image_gallery":[],"jnews_single_post":{"subtitle":"Fenerbah\u00e7e Erkek Basketbol Tak\u0131m\u0131m\u0131z\u0131n Ba\u015fantren\u00f6r\u00fc Zeljko Obradovic, tak\u0131m\u0131m\u0131z\u0131n Turkish Airlines EuroLeague 16. hafta ma\u00e7\u0131nda Valencia Basket ile sahas\u0131nda oynad\u0131\u011f\u0131 kar\u015f\u0131la\u015fman\u0131n ard\u0131ndan a\u00e7\u0131klamalarda bulundu.","format":"standard","video":"","gallery":"","source_name":"","source_url":"","via_name":"","via_url":"","override":[{"single_blog_custom":"","sidebar":"","second_sidebar":"","share_position":"","share_float_style":"","post_date_format":"","post_date_format_custom":"","post_reading_time_wpm":"","zoom_button_out_step":"1","zoom_button_in_step":"1","number_popup_post":"1"}],"image_override":[{"single_post_thumbnail_size":"","single_post_gallery_size":""}],"trending_post_position":"","trending_post_label":""},"jnews_primary_category":{"id":"5"},"jnews_social_meta":{"fb_title":"","fb_description":"","fb_image":"","twitter_title":"","twitter_description":"","twitter_image":""},"jnews_override_counter":{"view_counter_number":"0","share_counter_number":"0","like_counter_number":"0","dislike_counter_number":"0"},"footnotes":""},"categories":[5,6,2],"tags":[24,74,23],"class_list":["post-9518","post","type-post","status-publish","format-standard","has-post-thumbnail","hentry","category-basketbol","category-erkek-basketbol","category-haberler","tag-basketbol","tag-euroleague","tag-fenerbahce"],"amp_enabled":true,"_links":{"self":[{"href":"https:\/\/www.fener.org\/index.php\/wp-json\/wp\/v2\/posts\/9518","targetHints":{"allow":["GET"]}}],"collection":[{"href":"https:\/\/www.fener.org\/index.php\/wp-json\/wp\/v2\/posts"}],"about":[{"href":"https:\/\/www.fener.org\/index.php\/wp-json\/wp\/v2\/types\/post"}],"author":[{"embeddable":true,"href":"https:\/\/www.fener.org\/index.php\/wp-json\/wp\/v2\/users\/1"}],"replies":[{"embeddable":true,"href":"https:\/\/www.fener.org\/index.php\/wp-json\/wp\/v2\/comments?post=9518"}],"version-history":[{"count":1,"href":"https:\/\/www.fener.org\/index.php\/wp-json\/wp\/v2\/posts\/9518\/revisions"}],"predecessor-version":[{"id":9520,"href":"https:\/\/www.fener.org\/index.php\/wp-json\/wp\/v2\/posts\/9518\/revisions\/9520"}],"wp:featuredmedia":[{"embeddable":true,"href":"https:\/\/www.fener.org\/index.php\/wp-json\/wp\/v2\/media\/9519"}],"wp:attachment":[{"href":"https:\/\/www.fener.org\/index.php\/wp-json\/wp\/v2\/media?parent=9518"}],"wp:term":[{"taxonomy":"category","embeddable":true,"href":"https:\/\/www.fener.org\/index.php\/wp-json\/wp\/v2\/categories?post=9518"},{"taxonomy":"post_tag","embeddable":true,"href":"https:\/\/www.fener.org\/index.php\/wp-json\/wp\/v2\/tags?post=9518"}],"curies":[{"name":"wp","href":"https:\/\/api.w.org\/{rel}","templated":true}]}}