{"id":9507,"date":"2019-12-25T16:50:01","date_gmt":"2019-12-25T13:50:01","guid":{"rendered":"https:\/\/www.fener.org\/?p=9507"},"modified":"2019-12-25T16:50:09","modified_gmt":"2019-12-25T13:50:09","slug":"caykur-rizespor-macinin-hakemleri-belli-oldu","status":"publish","type":"post","link":"https:\/\/www.fener.org\/index.php\/2019\/12\/25\/caykur-rizespor-macinin-hakemleri-belli-oldu\/","title":{"rendered":"\u00c7aykur Rizespor ma\u00e7\u0131n\u0131n hakemleri belli oldu"},"content":{"rendered":"\n<p>Fenerbah\u00e7emizin, S\u00fcper Lig Cemil Usta Sezonu 17. haftas\u0131nda 29 Aral\u0131k 2019 Pazar g\u00fcn\u00fc saat 19.00\u2019da \u00c7aykur Rizespor ile deplasmanda oynayaca\u011f\u0131 ma\u00e7\u0131 Halil Umut Meler y\u00f6netecek.<\/p>\n\n\n\n<p>Meler\u2019in yard\u0131mc\u0131l\u0131klar\u0131n\u0131 Mustafa Emre Eyisoy ve \u0130lker Takpak yapacak. Kar\u015f\u0131la\u015fman\u0131n d\u00f6rd\u00fcnc\u00fc hakemi ise Kadir Sa\u011flam. VAR hakemi olarak Serkan Tokat, AVAR hakemi olarak da Kerem Ersoy g\u00f6rev yapacak.\n\n<\/p>\n","protected":false},"excerpt":{"rendered":"<p>Fenerbah\u00e7emizin, S\u00fcper Lig Cemil Usta Sezonu 17. haftas\u0131nda 29 Aral\u0131k 2019 Pazar g\u00fcn\u00fc saat 19.00\u2019da \u00c7aykur Rizespor ile deplasmanda oynayaca\u011f\u0131 ma\u00e7\u0131 Halil Umut Meler y\u00f6netecek. Meler\u2019in yard\u0131mc\u0131l\u0131klar\u0131n\u0131 Mustafa Emre Eyisoy ve \u0130lker Takpak yapacak. Kar\u015f\u0131la\u015fman\u0131n d\u00f6rd\u00fcnc\u00fc hakemi ise Kadir Sa\u011flam. VAR hakemi olarak Serkan Tokat, AVAR hakemi olarak da Kerem Ersoy g\u00f6rev yapacak.<\/p>\n","protected":false},"author":1,"featured_media":3361,"comment_status":"closed","ping_status":"closed","sticky":false,"template":"","format":"standard","meta":{"jnews-multi-image_gallery":[],"jnews_single_post":{"subtitle":"","format":"standard","video":"","gallery":"","source_name":"","source_url":"","via_name":"","via_url":"","override":[{"single_blog_custom":"","sidebar":"","second_sidebar":"","share_position":"","share_float_style":"","post_date_format":"","post_date_format_custom":"","post_reading_time_wpm":"","zoom_button_out_step":"1","zoom_button_in_step":"1","number_popup_post":"1"}],"image_override":[{"single_post_thumbnail_size":"","single_post_gallery_size":""}],"trending_post_position":"","trending_post_label":""},"jnews_primary_category":{"id":"4"},"jnews_social_meta":{"fb_title":"","fb_description":"","fb_image":"","twitter_title":"","twitter_description":"","twitter_image":""},"jnews_override_counter":{"view_counter_number":"0","share_counter_number":"0","like_counter_number":"0","dislike_counter_number":"0"},"footnotes":""},"categories":[4,2,47],"tags":[23,54],"class_list":["post-9507","post","type-post","status-publish","format-standard","has-post-thumbnail","hentry","category-futbol","category-haberler","category-profesyonel-a-futbol-takimi","tag-fenerbahce","tag-futbol"],"amp_enabled":true,"_links":{"self":[{"href":"https:\/\/www.fener.org\/index.php\/wp-json\/wp\/v2\/posts\/9507","targetHints":{"allow":["GET"]}}],"collection":[{"href":"https:\/\/www.fener.org\/index.php\/wp-json\/wp\/v2\/posts"}],"about":[{"href":"https:\/\/www.fener.org\/index.php\/wp-json\/wp\/v2\/types\/post"}],"author":[{"embeddable":true,"href":"https:\/\/www.fener.org\/index.php\/wp-json\/wp\/v2\/users\/1"}],"replies":[{"embeddable":true,"href":"https:\/\/www.fener.org\/index.php\/wp-json\/wp\/v2\/comments?post=9507"}],"version-history":[{"count":1,"href":"https:\/\/www.fener.org\/index.php\/wp-json\/wp\/v2\/posts\/9507\/revisions"}],"predecessor-version":[{"id":9508,"href":"https:\/\/www.fener.org\/index.php\/wp-json\/wp\/v2\/posts\/9507\/revisions\/9508"}],"wp:featuredmedia":[{"embeddable":true,"href":"https:\/\/www.fener.org\/index.php\/wp-json\/wp\/v2\/media\/3361"}],"wp:attachment":[{"href":"https:\/\/www.fener.org\/index.php\/wp-json\/wp\/v2\/media?parent=9507"}],"wp:term":[{"taxonomy":"category","embeddable":true,"href":"https:\/\/www.fener.org\/index.php\/wp-json\/wp\/v2\/categories?post=9507"},{"taxonomy":"post_tag","embeddable":true,"href":"https:\/\/www.fener.org\/index.php\/wp-json\/wp\/v2\/tags?post=9507"}],"curies":[{"name":"wp","href":"https:\/\/api.w.org\/{rel}","templated":true}]}}