{"id":9496,"date":"2019-12-23T11:15:22","date_gmt":"2019-12-23T08:15:22","guid":{"rendered":"https:\/\/www.fener.org\/?p=9496"},"modified":"2019-12-23T11:15:25","modified_gmt":"2019-12-23T08:15:25","slug":"fenerbahce-bekoda-ayrilik-2","status":"publish","type":"post","link":"https:\/\/www.fener.org\/index.php\/2019\/12\/23\/fenerbahce-bekoda-ayrilik-2\/","title":{"rendered":"Fenerbah\u00e7e Beko&#8217;da ayr\u0131l\u0131k"},"content":{"rendered":"\n<p>Sezon ba\u015f\u0131nda Fenerbah\u00e7e Beko&#8217;da idmanlara \u00e7\u0131kan ve haz\u0131rl\u0131k m\u00fcsabakalar\u0131nda da tak\u0131m\u0131m\u0131z\u0131n formas\u0131n\u0131 giyen Vladimir Stimac, \u00fc\u00e7 ayl\u0131k s\u00f6zle\u015fmesinin sona ermesinin ard\u0131ndan tak\u0131mdan ayr\u0131ld\u0131.<\/p>\n\n\n\n<p>Stimac&#8217;\u0131n s\u00f6zle\u015fmesinin sona ermesiyle ilgili kul\u00fcb\u00fcm\u00fczden yap\u0131lan a\u00e7\u0131klamada \u015fu ifadeler yer ald\u0131:<\/p>\n\n\n\n<blockquote class=\"wp-block-quote is-layout-flow wp-block-quote-is-layout-flow\"><p>2019-20 sezonunun geride kalan b\u00f6l\u00fcm\u00fcnde Fenerbah\u00e7e Beko formas\u0131n\u0131 giyen ve bu s\u00fcre\u00e7te tak\u0131m\u0131m\u0131za \u00f6nemli katk\u0131lar\u0131 bulunan Vladimir Stimac ile Kul\u00fcb\u00fcm\u00fcz aras\u0131ndaki s\u00f6zle\u015fme sona ermi\u015ftir. Ba\u015far\u0131l\u0131 oyuncumuz, kariyerine farkl\u0131 bir tak\u0131mda devam edecektir.<\/p><p>Stimac\u2019a katk\u0131lar\u0131ndan dolay\u0131 te\u015fekk\u00fcr eder, sporcumuza kariyerinin bundan sonraki d\u00f6neminde ba\u015far\u0131lar dileriz.<\/p><p><strong>Fenerbah\u00e7e Spor Kul\u00fcb\u00fc<\/strong><\/p><\/blockquote>\n","protected":false},"excerpt":{"rendered":"<p>Sezon ba\u015f\u0131nda Fenerbah\u00e7e Beko&#8217;da idmanlara \u00e7\u0131kan ve haz\u0131rl\u0131k m\u00fcsabakalar\u0131nda da tak\u0131m\u0131m\u0131z\u0131n formas\u0131n\u0131 giyen Vladimir Stimac, \u00fc\u00e7 ayl\u0131k s\u00f6zle\u015fmesinin sona ermesinin ard\u0131ndan tak\u0131mdan ayr\u0131ld\u0131. Stimac&#8217;\u0131n s\u00f6zle\u015fmesinin sona ermesiyle ilgili kul\u00fcb\u00fcm\u00fczden yap\u0131lan a\u00e7\u0131klamada \u015fu ifadeler yer ald\u0131: 2019-20 sezonunun geride kalan b\u00f6l\u00fcm\u00fcnde Fenerbah\u00e7e Beko formas\u0131n\u0131 giyen ve bu s\u00fcre\u00e7te tak\u0131m\u0131m\u0131za \u00f6nemli katk\u0131lar\u0131 bulunan Vladimir Stimac ile Kul\u00fcb\u00fcm\u00fcz [&hellip;]<\/p>\n","protected":false},"author":1,"featured_media":9497,"comment_status":"closed","ping_status":"closed","sticky":false,"template":"","format":"standard","meta":{"jnews-multi-image_gallery":[],"jnews_single_post":{"subtitle":"Fenerbah\u00e7e Beko'ya sezon ba\u015f\u0131nda 3 ayl\u0131\u011f\u0131na kat\u0131lan Vladimir Stimac'\u0131n s\u00f6zle\u015fmesi sona erdi.","format":"standard","video":"","gallery":"","source_name":"","source_url":"","via_name":"","via_url":"","override":[{"single_blog_custom":"","sidebar":"","second_sidebar":"","share_position":"","share_float_style":"","post_date_format":"","post_date_format_custom":"","post_reading_time_wpm":"","zoom_button_out_step":"1","zoom_button_in_step":"1","number_popup_post":"1"}],"image_override":[{"single_post_thumbnail_size":"","single_post_gallery_size":""}],"trending_post_position":"","trending_post_label":""},"jnews_primary_category":{"id":"5"},"jnews_social_meta":{"fb_title":"","fb_description":"","fb_image":"","twitter_title":"","twitter_description":"","twitter_image":""},"jnews_override_counter":{"view_counter_number":"0","share_counter_number":"0","like_counter_number":"0","dislike_counter_number":"0"},"footnotes":""},"categories":[5,6,2],"tags":[24,23],"class_list":["post-9496","post","type-post","status-publish","format-standard","has-post-thumbnail","hentry","category-basketbol","category-erkek-basketbol","category-haberler","tag-basketbol","tag-fenerbahce"],"amp_enabled":true,"_links":{"self":[{"href":"https:\/\/www.fener.org\/index.php\/wp-json\/wp\/v2\/posts\/9496","targetHints":{"allow":["GET"]}}],"collection":[{"href":"https:\/\/www.fener.org\/index.php\/wp-json\/wp\/v2\/posts"}],"about":[{"href":"https:\/\/www.fener.org\/index.php\/wp-json\/wp\/v2\/types\/post"}],"author":[{"embeddable":true,"href":"https:\/\/www.fener.org\/index.php\/wp-json\/wp\/v2\/users\/1"}],"replies":[{"embeddable":true,"href":"https:\/\/www.fener.org\/index.php\/wp-json\/wp\/v2\/comments?post=9496"}],"version-history":[{"count":1,"href":"https:\/\/www.fener.org\/index.php\/wp-json\/wp\/v2\/posts\/9496\/revisions"}],"predecessor-version":[{"id":9498,"href":"https:\/\/www.fener.org\/index.php\/wp-json\/wp\/v2\/posts\/9496\/revisions\/9498"}],"wp:featuredmedia":[{"embeddable":true,"href":"https:\/\/www.fener.org\/index.php\/wp-json\/wp\/v2\/media\/9497"}],"wp:attachment":[{"href":"https:\/\/www.fener.org\/index.php\/wp-json\/wp\/v2\/media?parent=9496"}],"wp:term":[{"taxonomy":"category","embeddable":true,"href":"https:\/\/www.fener.org\/index.php\/wp-json\/wp\/v2\/categories?post=9496"},{"taxonomy":"post_tag","embeddable":true,"href":"https:\/\/www.fener.org\/index.php\/wp-json\/wp\/v2\/tags?post=9496"}],"curies":[{"name":"wp","href":"https:\/\/api.w.org\/{rel}","templated":true}]}}