{"id":9463,"date":"2019-12-22T09:16:29","date_gmt":"2019-12-22T06:16:29","guid":{"rendered":"https:\/\/www.fener.org\/?p=9463"},"modified":"2019-12-23T09:31:40","modified_gmt":"2019-12-23T06:31:40","slug":"futbol-altyapi-sonuclari-4","status":"publish","type":"post","link":"https:\/\/www.fener.org\/index.php\/2019\/12\/22\/futbol-altyapi-sonuclari-4\/","title":{"rendered":"Futbol Altyap\u0131 sonu\u00e7lar\u0131"},"content":{"rendered":"\n<p>Fenerbah\u00e7e 17 ve 19 Ya\u015f Alt\u0131 Futbol Tak\u0131mlar\u0131m\u0131z, Spor Toto Geli\u015fim liglerindeki 16. hafta ma\u00e7lar\u0131n\u0131 oynad\u0131. Tak\u0131mlar\u0131m\u0131z, Fenerbah\u00e7e Derea\u011fz\u0131 Lefter K\u00fc\u00e7\u00fckandonyadis Tesislerimizde Be\u015fikta\u015f ile kar\u015f\u0131la\u015ft\u0131.<\/p>\n\n\n\n<p><strong>Fenerbah\u00e7e 1-2 Be\u015fikta\u015f (U17 Elit Ligi)<\/strong><\/p>\n\n\n\n<p>Spor Toto Geli\u015fim Liginde bug\u00fcn 16. hafta m\u00fcsabakas\u0131n\u0131 ger\u00e7ekle\u015ftiren 17 Ya\u015f Alt\u0131 Futbol Tak\u0131m\u0131m\u0131z, Be\u015fikta\u015f ile oynad\u0131\u011f\u0131 ma\u00e7tan 2-1 ma\u011flup ayr\u0131ld\u0131. Ekibimizin tek gol\u00fcn\u00fc 57. dakikada Ali Arda Bulut kaydetti.<\/p>\n\n\n\n<p><strong>Fenerbah\u00e7e 1-1 Be\u015fikta\u015f (U19 Elit Ligi)<\/strong><\/p>\n\n\n\n<p>Fenerbah\u00e7e Derea\u011fz\u0131 Lefter K\u00fc\u00e7\u00fckandonyadis Tesislerimizde Be\u015fikta\u015f ile oynanan kar\u015f\u0131la\u015fma 1\u20141 e\u015fitlikle sonu\u00e7land\u0131. 17 Ya\u015f Alt\u0131 Futbol Tak\u0131m\u0131m\u0131z\u0131n gol\u00fc, 64. dakikada Serhat Ahmeto\u011flu\u2019ndan geldi.<\/p>\n\n\n\n<p>U14, U15 ve U16 Altyap\u0131 tak\u0131mlar\u0131m\u0131z\u0131n Be\u015fikta\u015f altyap\u0131 tak\u0131mlar\u0131 ile ligin 14. hafta ma\u00e7\u0131nda oynad\u0131klar\u0131 ma\u00e7lar ve sonu\u00e7lar\u0131 ise \u015fu \u015fekilde: <\/p>\n\n\n\n<p><strong>U14 Be\u015fikta\u015f 2-3 Fenerbah\u00e7e<\/strong><br>Goller: Yusuf G\u00fcrsoy 20&#8242;, 45&#8242; ve 70+4&#8242;<\/p>\n\n\n\n<p><strong>U15 Be\u015fikta\u015f 1-1 Fenerbah\u00e7e<\/strong><br>Gol: Ahmet Nejat Ayd\u0131n 38&#8242; <\/p>\n\n\n\n<p><strong>U16 Fenerbah\u00e7e 0-0 Be\u015fikta\u015f<\/strong><\/p>\n","protected":false},"excerpt":{"rendered":"<p>Fenerbah\u00e7e 17 ve 19 Ya\u015f Alt\u0131 Futbol Tak\u0131mlar\u0131m\u0131z, Spor Toto Geli\u015fim liglerindeki 16. hafta ma\u00e7lar\u0131n\u0131 oynad\u0131. Tak\u0131mlar\u0131m\u0131z, Fenerbah\u00e7e Derea\u011fz\u0131 Lefter K\u00fc\u00e7\u00fckandonyadis Tesislerimizde Be\u015fikta\u015f ile kar\u015f\u0131la\u015ft\u0131. Fenerbah\u00e7e 1-2 Be\u015fikta\u015f (U17 Elit Ligi) Spor Toto Geli\u015fim Liginde bug\u00fcn 16. hafta m\u00fcsabakas\u0131n\u0131 ger\u00e7ekle\u015ftiren 17 Ya\u015f Alt\u0131 Futbol Tak\u0131m\u0131m\u0131z, Be\u015fikta\u015f ile oynad\u0131\u011f\u0131 ma\u00e7tan 2-1 ma\u011flup ayr\u0131ld\u0131. Ekibimizin tek gol\u00fcn\u00fc [&hellip;]<\/p>\n","protected":false},"author":1,"featured_media":9464,"comment_status":"closed","ping_status":"closed","sticky":false,"template":"","format":"standard","meta":{"jnews-multi-image_gallery":[],"jnews_single_post":{"subtitle":"","format":"standard","video":"","gallery":"","source_name":"","source_url":"","via_name":"","via_url":"","override":[{"single_blog_custom":"","sidebar":"","second_sidebar":"","share_position":"","share_float_style":"","post_date_format":"","post_date_format_custom":"","post_reading_time_wpm":"","zoom_button_out_step":"1","zoom_button_in_step":"1","number_popup_post":"1"}],"image_override":[{"single_post_thumbnail_size":"","single_post_gallery_size":""}],"trending_post_position":"","trending_post_label":""},"jnews_primary_category":{"id":"4"},"jnews_social_meta":{"fb_title":"","fb_description":"","fb_image":"","twitter_title":"","twitter_description":"","twitter_image":""},"jnews_override_counter":{"view_counter_number":"0","share_counter_number":"0","like_counter_number":"0","dislike_counter_number":"0"},"footnotes":""},"categories":[4,17,2],"tags":[23,54],"class_list":["post-9463","post","type-post","status-publish","format-standard","has-post-thumbnail","hentry","category-futbol","category-futbol-altyapi","category-haberler","tag-fenerbahce","tag-futbol"],"amp_enabled":true,"_links":{"self":[{"href":"https:\/\/www.fener.org\/index.php\/wp-json\/wp\/v2\/posts\/9463","targetHints":{"allow":["GET"]}}],"collection":[{"href":"https:\/\/www.fener.org\/index.php\/wp-json\/wp\/v2\/posts"}],"about":[{"href":"https:\/\/www.fener.org\/index.php\/wp-json\/wp\/v2\/types\/post"}],"author":[{"embeddable":true,"href":"https:\/\/www.fener.org\/index.php\/wp-json\/wp\/v2\/users\/1"}],"replies":[{"embeddable":true,"href":"https:\/\/www.fener.org\/index.php\/wp-json\/wp\/v2\/comments?post=9463"}],"version-history":[{"count":2,"href":"https:\/\/www.fener.org\/index.php\/wp-json\/wp\/v2\/posts\/9463\/revisions"}],"predecessor-version":[{"id":9494,"href":"https:\/\/www.fener.org\/index.php\/wp-json\/wp\/v2\/posts\/9463\/revisions\/9494"}],"wp:featuredmedia":[{"embeddable":true,"href":"https:\/\/www.fener.org\/index.php\/wp-json\/wp\/v2\/media\/9464"}],"wp:attachment":[{"href":"https:\/\/www.fener.org\/index.php\/wp-json\/wp\/v2\/media?parent=9463"}],"wp:term":[{"taxonomy":"category","embeddable":true,"href":"https:\/\/www.fener.org\/index.php\/wp-json\/wp\/v2\/categories?post=9463"},{"taxonomy":"post_tag","embeddable":true,"href":"https:\/\/www.fener.org\/index.php\/wp-json\/wp\/v2\/tags?post=9463"}],"curies":[{"name":"wp","href":"https:\/\/api.w.org\/{rel}","templated":true}]}}