{"id":9448,"date":"2019-12-19T23:39:37","date_gmt":"2019-12-19T20:39:37","guid":{"rendered":"https:\/\/www.fener.org\/?p=9448"},"modified":"2019-12-19T23:39:41","modified_gmt":"2019-12-19T20:39:41","slug":"obradovic-bu-sekilde-devam-etmemiz-imkansiz","status":"publish","type":"post","link":"https:\/\/www.fener.org\/index.php\/2019\/12\/19\/obradovic-bu-sekilde-devam-etmemiz-imkansiz\/","title":{"rendered":"Obradovic: Bu \u015fekilde devam etmemiz imkans\u0131z"},"content":{"rendered":"\n<p>Ba\u015fantren\u00f6r\u00fcm\u00fcz Zeljko Obradovic, Zenit St. Petersburg ma\u00e7\u0131 sonras\u0131 d\u00fczenlenen bas\u0131n toplant\u0131s\u0131nda \u015funlar\u0131 s\u00f6yledi:<\/p>\n\n\n\n<p>\u201c\u015eu an \u00e7ok zor bir anday\u0131z. Bir reaksiyon g\u00f6stermemiz gerekti\u011fi \u00e7ok belli. \u00c7\u00fcnk\u00fc bu \u015fekilde devam etmemiz imkans\u0131z. Zenit\u2019i galibiyet i\u00e7in tebrik ediyorum. Yine bu ak\u015fam g\u00fczel destekleri i\u00e7in taraftarlara kalpten te\u015fekk\u00fcr ediyorum. Geri kalan her \u015feyle ilgili de birazc\u0131k d\u00fc\u015f\u00fcn\u00fcp karar vermemiz gerekiyor. Umar\u0131m beni anlam\u0131\u015fs\u0131n\u0131zd\u0131r, benim taraf\u0131mdan bu kadar, bu ak\u015fam.\u201d\u00a0 <\/p>\n","protected":false},"excerpt":{"rendered":"<p>Ba\u015fantren\u00f6r\u00fcm\u00fcz Zeljko Obradovic, Zenit St. Petersburg ma\u00e7\u0131 sonras\u0131 d\u00fczenlenen bas\u0131n toplant\u0131s\u0131nda \u015funlar\u0131 s\u00f6yledi: \u201c\u015eu an \u00e7ok zor bir anday\u0131z. Bir reaksiyon g\u00f6stermemiz gerekti\u011fi \u00e7ok belli. \u00c7\u00fcnk\u00fc bu \u015fekilde devam etmemiz imkans\u0131z. Zenit\u2019i galibiyet i\u00e7in tebrik ediyorum. Yine bu ak\u015fam g\u00fczel destekleri i\u00e7in taraftarlara kalpten te\u015fekk\u00fcr ediyorum. Geri kalan her \u015feyle ilgili de birazc\u0131k d\u00fc\u015f\u00fcn\u00fcp karar [&hellip;]<\/p>\n","protected":false},"author":1,"featured_media":9449,"comment_status":"closed","ping_status":"closed","sticky":false,"template":"","format":"standard","meta":{"jnews-multi-image_gallery":[],"jnews_single_post":{"subtitle":"Fenerbah\u00e7e Erkek Basketbol Tak\u0131m\u0131m\u0131z\u0131n Ba\u015fantren\u00f6r\u00fc Zeljko Obradovic, tak\u0131m\u0131m\u0131z\u0131n Turkish Airlines EuroLeague 15. hafta ma\u00e7\u0131nda sahas\u0131nda Zenit St. Petersburg ile oynad\u0131\u011f\u0131 kar\u015f\u0131la\u015fman\u0131n ard\u0131ndan a\u00e7\u0131klamalarda bulundu.","format":"standard","video":"","gallery":"","source_name":"","source_url":"","via_name":"","via_url":"","override":[{"single_blog_custom":"","sidebar":"","second_sidebar":"","share_position":"","share_float_style":"","post_date_format":"","post_date_format_custom":"","post_reading_time_wpm":"","zoom_button_out_step":"1","zoom_button_in_step":"1","number_popup_post":"1"}],"image_override":[{"single_post_thumbnail_size":"","single_post_gallery_size":""}],"trending_post_position":"","trending_post_label":""},"jnews_primary_category":{"id":"5"},"jnews_social_meta":{"fb_title":"","fb_description":"","fb_image":"","twitter_title":"","twitter_description":"","twitter_image":""},"jnews_override_counter":{"view_counter_number":"0","share_counter_number":"0","like_counter_number":"0","dislike_counter_number":"0"},"footnotes":""},"categories":[5,6,2],"tags":[24,23,75],"class_list":["post-9448","post","type-post","status-publish","format-standard","has-post-thumbnail","hentry","category-basketbol","category-erkek-basketbol","category-haberler","tag-basketbol","tag-fenerbahce","tag-zeljkoobradovic"],"amp_enabled":true,"_links":{"self":[{"href":"https:\/\/www.fener.org\/index.php\/wp-json\/wp\/v2\/posts\/9448","targetHints":{"allow":["GET"]}}],"collection":[{"href":"https:\/\/www.fener.org\/index.php\/wp-json\/wp\/v2\/posts"}],"about":[{"href":"https:\/\/www.fener.org\/index.php\/wp-json\/wp\/v2\/types\/post"}],"author":[{"embeddable":true,"href":"https:\/\/www.fener.org\/index.php\/wp-json\/wp\/v2\/users\/1"}],"replies":[{"embeddable":true,"href":"https:\/\/www.fener.org\/index.php\/wp-json\/wp\/v2\/comments?post=9448"}],"version-history":[{"count":2,"href":"https:\/\/www.fener.org\/index.php\/wp-json\/wp\/v2\/posts\/9448\/revisions"}],"predecessor-version":[{"id":9451,"href":"https:\/\/www.fener.org\/index.php\/wp-json\/wp\/v2\/posts\/9448\/revisions\/9451"}],"wp:featuredmedia":[{"embeddable":true,"href":"https:\/\/www.fener.org\/index.php\/wp-json\/wp\/v2\/media\/9449"}],"wp:attachment":[{"href":"https:\/\/www.fener.org\/index.php\/wp-json\/wp\/v2\/media?parent=9448"}],"wp:term":[{"taxonomy":"category","embeddable":true,"href":"https:\/\/www.fener.org\/index.php\/wp-json\/wp\/v2\/categories?post=9448"},{"taxonomy":"post_tag","embeddable":true,"href":"https:\/\/www.fener.org\/index.php\/wp-json\/wp\/v2\/tags?post=9448"}],"curies":[{"name":"wp","href":"https:\/\/api.w.org\/{rel}","templated":true}]}}