{"id":9441,"date":"2019-12-19T22:17:24","date_gmt":"2019-12-19T19:17:24","guid":{"rendered":"https:\/\/www.fener.org\/?p=9441"},"modified":"2019-12-19T22:17:27","modified_gmt":"2019-12-19T19:17:27","slug":"sadik-ciftpinar-ameliyat-edildi","status":"publish","type":"post","link":"https:\/\/www.fener.org\/index.php\/2019\/12\/19\/sadik-ciftpinar-ameliyat-edildi\/","title":{"rendered":"Sad\u0131k \u00c7iftp\u0131nar ameliyat edildi"},"content":{"rendered":"\n<p>Ger\u00e7irdi\u011fi sakatl\u0131k nedeniyle sezonu kapatt\u0131\u011f\u0131 a\u00e7\u0131klanan Sad\u0131k \u00c7iftp\u0131nar \u00f6n \u00e7apraz ba\u011f\u0131 ameliyat\u0131 oldu. Ameliyat\u0131n ba\u015far\u0131l\u0131 ge\u00e7ti\u011fi belirtilirken, kul\u00fcb\u00fcm\u00fczden yap\u0131lan a\u00e7\u0131klamada \u015fu ifadeler yer ald\u0131:<\/p>\n\n\n\n<blockquote class=\"wp-block-quote is-layout-flow wp-block-quote-is-layout-flow\"><p>Futbolcumuz Sad\u0131k \u00c7iftp\u0131nar, Demir Grup Sivasspor ma\u00e7\u0131nda ya\u015fad\u0131\u011f\u0131 sakatl\u0131k nedeniyle \u00f6n \u00e7apraz ba\u011f\u0131 ameliyat\u0131 oldu.<\/p><p>Ba\u015far\u0131l\u0131 bir ameliyat ge\u00e7iren oyuncumuza ge\u00e7mi\u015f olsun diliyor, en k\u0131sa s\u00fcre i\u00e7inde eski sa\u011fl\u0131\u011f\u0131na kavu\u015fup, sahalara d\u00f6nmesini temenni ediyoruz.<\/p><\/blockquote>\n","protected":false},"excerpt":{"rendered":"<p>Ger\u00e7irdi\u011fi sakatl\u0131k nedeniyle sezonu kapatt\u0131\u011f\u0131 a\u00e7\u0131klanan Sad\u0131k \u00c7iftp\u0131nar \u00f6n \u00e7apraz ba\u011f\u0131 ameliyat\u0131 oldu. Ameliyat\u0131n ba\u015far\u0131l\u0131 ge\u00e7ti\u011fi belirtilirken, kul\u00fcb\u00fcm\u00fczden yap\u0131lan a\u00e7\u0131klamada \u015fu ifadeler yer ald\u0131: Futbolcumuz Sad\u0131k \u00c7iftp\u0131nar, Demir Grup Sivasspor ma\u00e7\u0131nda ya\u015fad\u0131\u011f\u0131 sakatl\u0131k nedeniyle \u00f6n \u00e7apraz ba\u011f\u0131 ameliyat\u0131 oldu. Ba\u015far\u0131l\u0131 bir ameliyat ge\u00e7iren oyuncumuza ge\u00e7mi\u015f olsun diliyor, en k\u0131sa s\u00fcre i\u00e7inde eski sa\u011fl\u0131\u011f\u0131na kavu\u015fup, sahalara [&hellip;]<\/p>\n","protected":false},"author":1,"featured_media":9442,"comment_status":"closed","ping_status":"closed","sticky":false,"template":"","format":"standard","meta":{"jnews-multi-image_gallery":[],"jnews_single_post":{"subtitle":"Fenerbah\u00e7emizin, S\u00fcper Lig Cemil Usta Sezonu 15. haftas\u0131nda Demir Grup Sivasspor ile kar\u015f\u0131la\u015ft\u0131\u011f\u0131 ma\u00e7ta sakatlanarak oyundan \u00e7\u0131kan Sad\u0131k \u00c7iftp\u0131nar ameliyat edildi.","format":"standard","video":"","gallery":"","source_name":"","source_url":"","via_name":"","via_url":"","override":[{"single_blog_custom":"","sidebar":"","second_sidebar":"","share_position":"","share_float_style":"","post_date_format":"","post_date_format_custom":"","post_reading_time_wpm":"","zoom_button_out_step":"1","zoom_button_in_step":"1","number_popup_post":"1"}],"image_override":[{"single_post_thumbnail_size":"","single_post_gallery_size":""}],"trending_post_position":"","trending_post_label":""},"jnews_primary_category":{"id":"4"},"jnews_social_meta":{"fb_title":"","fb_description":"","fb_image":"","twitter_title":"","twitter_description":"","twitter_image":""},"jnews_override_counter":{"view_counter_number":"0","share_counter_number":"0","like_counter_number":"0","dislike_counter_number":"0"},"footnotes":""},"categories":[4,2,47],"tags":[23,54,141],"class_list":["post-9441","post","type-post","status-publish","format-standard","has-post-thumbnail","hentry","category-futbol","category-haberler","category-profesyonel-a-futbol-takimi","tag-fenerbahce","tag-futbol","tag-sadikciftpinar"],"amp_enabled":true,"_links":{"self":[{"href":"https:\/\/www.fener.org\/index.php\/wp-json\/wp\/v2\/posts\/9441","targetHints":{"allow":["GET"]}}],"collection":[{"href":"https:\/\/www.fener.org\/index.php\/wp-json\/wp\/v2\/posts"}],"about":[{"href":"https:\/\/www.fener.org\/index.php\/wp-json\/wp\/v2\/types\/post"}],"author":[{"embeddable":true,"href":"https:\/\/www.fener.org\/index.php\/wp-json\/wp\/v2\/users\/1"}],"replies":[{"embeddable":true,"href":"https:\/\/www.fener.org\/index.php\/wp-json\/wp\/v2\/comments?post=9441"}],"version-history":[{"count":1,"href":"https:\/\/www.fener.org\/index.php\/wp-json\/wp\/v2\/posts\/9441\/revisions"}],"predecessor-version":[{"id":9443,"href":"https:\/\/www.fener.org\/index.php\/wp-json\/wp\/v2\/posts\/9441\/revisions\/9443"}],"wp:featuredmedia":[{"embeddable":true,"href":"https:\/\/www.fener.org\/index.php\/wp-json\/wp\/v2\/media\/9442"}],"wp:attachment":[{"href":"https:\/\/www.fener.org\/index.php\/wp-json\/wp\/v2\/media?parent=9441"}],"wp:term":[{"taxonomy":"category","embeddable":true,"href":"https:\/\/www.fener.org\/index.php\/wp-json\/wp\/v2\/categories?post=9441"},{"taxonomy":"post_tag","embeddable":true,"href":"https:\/\/www.fener.org\/index.php\/wp-json\/wp\/v2\/tags?post=9441"}],"curies":[{"name":"wp","href":"https:\/\/api.w.org\/{rel}","templated":true}]}}