{"id":9433,"date":"2019-12-19T09:29:36","date_gmt":"2019-12-19T06:29:36","guid":{"rendered":"https:\/\/www.fener.org\/?p=9433"},"modified":"2019-12-19T09:29:40","modified_gmt":"2019-12-19T06:29:40","slug":"fenerbahce-beko-zenit-st-petersburgu-agirliyor","status":"publish","type":"post","link":"https:\/\/www.fener.org\/index.php\/2019\/12\/19\/fenerbahce-beko-zenit-st-petersburgu-agirliyor\/","title":{"rendered":"Fenerbah\u00e7e Beko, Zenit St. Petersburg&#8217;u a\u011f\u0131rl\u0131yor"},"content":{"rendered":"\n<p>Fenerbah\u00e7e Beko, Turkish Airlines EuroLeague 15. hafta ma\u00e7\u0131nda Zenit St. Petersburg\u2019u konuk ediyor. bug\u00fcn (19 Aral\u0131k Per\u015fembe g\u00fcn\u00fc) saat 20:45\u2019te \u00dclker Spor ve Etkinlik Salonu\u2019nda oynanacak m\u00fccadele beIN Sports Haber taraf\u0131ndan canl\u0131 yay\u0131nlanacak. Kar\u015f\u0131la\u015fmay\u0131 Sreten Radovic (H\u0131rvatistan), Jakub Zamojski (Polonya), Mario Majkic (Slovenya) hakem \u00fc\u00e7l\u00fcs\u00fc y\u00f6netecek.<\/p>\n\n\n\n<p>Tak\u0131m\u0131m\u0131z, Turkish Airlines EuroLeague\u2019deki son ma\u00e7\u0131nda 17 Aral\u0131k Sal\u0131 g\u00fcn\u00fc Panahtinaikos\u2019a konuk oldu. Ekibimiz, m\u00fccadeleyi 81-78 kaybetti.<\/p>\n\n\n\n<p>Sar\u0131-lacivertliler, ING Basketbol S\u00fcper Ligi\u2019ndeki son ma\u00e7\u0131nda Anadolu Efes\u2019e rakip oldu. Fenerbah\u00e7e Beko, 14 Aral\u0131k Cumartesi g\u00fcn\u00fc Sinan Erdem Spor Salonu\u2019nda oynanan m\u00fccadelede rakibine 79-66 ma\u011flup olmaktan kurtulamad\u0131.<\/p>\n\n\n\n<p>Fenerbah\u00e7e Beko\u2019da Jan Vesely, sakatl\u0131\u011f\u0131 nedeniyle bu m\u00fccadelede forma giyemeyecek.<\/p>\n\n\n\n<p>Joan Plaza taraf\u0131ndan \u00e7al\u0131\u015ft\u0131r\u0131lan Zenit, bu sezon EuroLeague\u2019de oynad\u0131\u011f\u0131 14 ma\u00e7ta 3 galibiyet ald\u0131. Rakibimiz, son EuroLeague m\u00fccadelesinde 17 Aral\u0131k Sal\u0131 g\u00fcn\u00fc Maccabi\u2019yi konuk etti ve ma\u00e7tan 71-82 ma\u011flup ayr\u0131ld\u0131.<\/p>\n\n\n\n<p>Zenit St. Petersburg, VTB\u2019de ise 10 ma\u00e7 sonunda 4 galibiyet ald\u0131. Rakibimiz, bu kulvardaki son ma\u00e7\u0131nda 9 Aral\u0131k Pazartesi g\u00fcn\u00fc Khimki\u2019yi konuk etti ve m\u00fccadeleden 101-108 ma\u011flup ayr\u0131ld\u0131.<\/p>\n\n\n\n<p>\u0130ki ekip, EuroLeague&#8217;de ilk defa kar\u015f\u0131la\u015f\u0131yor.<\/p>\n","protected":false},"excerpt":{"rendered":"<p>Fenerbah\u00e7e Beko, Turkish Airlines EuroLeague 15. hafta ma\u00e7\u0131nda Zenit St. Petersburg\u2019u konuk ediyor. bug\u00fcn (19 Aral\u0131k Per\u015fembe g\u00fcn\u00fc) saat 20:45\u2019te \u00dclker Spor ve Etkinlik Salonu\u2019nda oynanacak m\u00fccadele beIN Sports Haber taraf\u0131ndan canl\u0131 yay\u0131nlanacak. Kar\u015f\u0131la\u015fmay\u0131 Sreten Radovic (H\u0131rvatistan), Jakub Zamojski (Polonya), Mario Majkic (Slovenya) hakem \u00fc\u00e7l\u00fcs\u00fc y\u00f6netecek. Tak\u0131m\u0131m\u0131z, Turkish Airlines EuroLeague\u2019deki son ma\u00e7\u0131nda 17 Aral\u0131k Sal\u0131 [&hellip;]<\/p>\n","protected":false},"author":1,"featured_media":8922,"comment_status":"closed","ping_status":"closed","sticky":false,"template":"","format":"standard","meta":{"jnews-multi-image_gallery":[],"jnews_single_post":{"subtitle":"Fenerbah\u00e7e Erkek Basketbol Tak\u0131m\u0131m\u0131z, Turkish Airlines EuroLeague 15. hafta ma\u00e7\u0131nda sahas\u0131nda Zenit St. Petersburg ile kar\u015f\u0131la\u015f\u0131yor.","format":"standard","video":"","gallery":"","source_name":"","source_url":"","via_name":"","via_url":"","override":[{"single_blog_custom":"","sidebar":"","second_sidebar":"","share_position":"","share_float_style":"","post_date_format":"","post_date_format_custom":"","post_reading_time_wpm":"","zoom_button_out_step":"1","zoom_button_in_step":"1","number_popup_post":"1"}],"image_override":[{"single_post_thumbnail_size":"","single_post_gallery_size":""}],"trending_post_position":"","trending_post_label":""},"jnews_primary_category":{"id":"5"},"jnews_social_meta":{"fb_title":"","fb_description":"","fb_image":"","twitter_title":"","twitter_description":"","twitter_image":""},"jnews_override_counter":{"view_counter_number":"0","share_counter_number":"0","like_counter_number":"0","dislike_counter_number":"0"},"footnotes":""},"categories":[5,6,2],"tags":[24,74,23],"class_list":["post-9433","post","type-post","status-publish","format-standard","has-post-thumbnail","hentry","category-basketbol","category-erkek-basketbol","category-haberler","tag-basketbol","tag-euroleague","tag-fenerbahce"],"amp_enabled":true,"_links":{"self":[{"href":"https:\/\/www.fener.org\/index.php\/wp-json\/wp\/v2\/posts\/9433","targetHints":{"allow":["GET"]}}],"collection":[{"href":"https:\/\/www.fener.org\/index.php\/wp-json\/wp\/v2\/posts"}],"about":[{"href":"https:\/\/www.fener.org\/index.php\/wp-json\/wp\/v2\/types\/post"}],"author":[{"embeddable":true,"href":"https:\/\/www.fener.org\/index.php\/wp-json\/wp\/v2\/users\/1"}],"replies":[{"embeddable":true,"href":"https:\/\/www.fener.org\/index.php\/wp-json\/wp\/v2\/comments?post=9433"}],"version-history":[{"count":1,"href":"https:\/\/www.fener.org\/index.php\/wp-json\/wp\/v2\/posts\/9433\/revisions"}],"predecessor-version":[{"id":9434,"href":"https:\/\/www.fener.org\/index.php\/wp-json\/wp\/v2\/posts\/9433\/revisions\/9434"}],"wp:featuredmedia":[{"embeddable":true,"href":"https:\/\/www.fener.org\/index.php\/wp-json\/wp\/v2\/media\/8922"}],"wp:attachment":[{"href":"https:\/\/www.fener.org\/index.php\/wp-json\/wp\/v2\/media?parent=9433"}],"wp:term":[{"taxonomy":"category","embeddable":true,"href":"https:\/\/www.fener.org\/index.php\/wp-json\/wp\/v2\/categories?post=9433"},{"taxonomy":"post_tag","embeddable":true,"href":"https:\/\/www.fener.org\/index.php\/wp-json\/wp\/v2\/tags?post=9433"}],"curies":[{"name":"wp","href":"https:\/\/api.w.org\/{rel}","templated":true}]}}