{"id":9418,"date":"2019-12-18T15:12:07","date_gmt":"2019-12-18T12:12:07","guid":{"rendered":"https:\/\/www.fener.org\/?p=9418"},"modified":"2019-12-18T15:12:11","modified_gmt":"2019-12-18T12:12:11","slug":"fenerbahce-opet-lp-saloya-konuk-oluyor","status":"publish","type":"post","link":"https:\/\/www.fener.org\/index.php\/2019\/12\/18\/fenerbahce-opet-lp-saloya-konuk-oluyor\/","title":{"rendered":"Fenerbah\u00e7e Opet, LP Salo\u2019ya konuk oluyor"},"content":{"rendered":"\n<p>Fenerbah\u00e7e Opet, 2019-2020 Sezonu CEV Kad\u0131nlar \u015eampiyonlar Ligi A Grubu \u00fc\u00e7\u00fcnc\u00fc ma\u00e7\u0131nda Finlandiya temsilcisi LP Salo\u2019ya konuk olacak.<\/p>\n\n\n\n<p>Grubun alt\u0131nc\u0131 hafta ma\u00e7\u0131 olmas\u0131na ra\u011fmen de\u011fi\u015fen takvim nedeniyle \u00f6ne al\u0131nan kar\u015f\u0131la\u015fma Finlandiya\u2019n\u0131n Salo kentindeki Salohalli Spor Salonu\u2019nda oynanacak. Bu ak\u015fam saat 20.00\u2019da ba\u015flayacak m\u00fccadele Spor Smart\u2019tan canl\u0131 yay\u0131nlanacak.<\/p>\n\n\n\n<p>Gruptaki ilk ma\u00e7\u0131nda Eczac\u0131ba\u015f\u0131 Vitra\u2019ya 3-2 kaybeden, ikinci kar\u015f\u0131la\u015fmas\u0131nda Polonya ekibi Lodz\u2019u 3-0 ma\u011flup eden Fenerbah\u00e7e Opet, 4 puanla grupta ikinci s\u0131rada yer al\u0131yor. \u0130lk iki m\u00fccadelesinden puans\u0131z ayr\u0131lan rakip Salo ise son basamakta bulunuyor.<\/p>\n","protected":false},"excerpt":{"rendered":"<p>Fenerbah\u00e7e Opet, 2019-2020 Sezonu CEV Kad\u0131nlar \u015eampiyonlar Ligi A Grubu \u00fc\u00e7\u00fcnc\u00fc ma\u00e7\u0131nda Finlandiya temsilcisi LP Salo\u2019ya konuk olacak. Grubun alt\u0131nc\u0131 hafta ma\u00e7\u0131 olmas\u0131na ra\u011fmen de\u011fi\u015fen takvim nedeniyle \u00f6ne al\u0131nan kar\u015f\u0131la\u015fma Finlandiya\u2019n\u0131n Salo kentindeki Salohalli Spor Salonu\u2019nda oynanacak. Bu ak\u015fam saat 20.00\u2019da ba\u015flayacak m\u00fccadele Spor Smart\u2019tan canl\u0131 yay\u0131nlanacak. Gruptaki ilk ma\u00e7\u0131nda Eczac\u0131ba\u015f\u0131 Vitra\u2019ya 3-2 kaybeden, ikinci [&hellip;]<\/p>\n","protected":false},"author":1,"featured_media":6755,"comment_status":"closed","ping_status":"closed","sticky":false,"template":"","format":"standard","meta":{"jnews-multi-image_gallery":[],"jnews_single_post":{"subtitle":"Fenerbah\u00e7e Kad\u0131n Voleybol Tak\u0131m\u0131m\u0131z, CEV Kad\u0131nlar \u015eampiyonlar Ligi A Grubu \u00fc\u00e7\u00fcnc\u00fc ma\u00e7\u0131nda deplasmanda LP Salo ile kar\u015f\u0131la\u015facak.","format":"standard","video":"","gallery":"","source_name":"","source_url":"","via_name":"","via_url":"","override":[{"single_blog_custom":"","sidebar":"","second_sidebar":"","share_position":"","share_float_style":"","post_date_format":"","post_date_format_custom":"","post_reading_time_wpm":"","zoom_button_out_step":"1","zoom_button_in_step":"1","number_popup_post":"1"}],"image_override":[{"single_post_thumbnail_size":"","single_post_gallery_size":""}],"trending_post_position":"","trending_post_label":""},"jnews_primary_category":{"id":"8"},"jnews_social_meta":{"fb_title":"","fb_description":"","fb_image":"","twitter_title":"","twitter_description":"","twitter_image":""},"jnews_override_counter":{"view_counter_number":"0","share_counter_number":"0","like_counter_number":"0","dislike_counter_number":"0"},"footnotes":""},"categories":[2,10,8],"tags":[23,29],"class_list":["post-9418","post","type-post","status-publish","format-standard","has-post-thumbnail","hentry","category-haberler","category-kadin-voleybol","category-voleybol","tag-fenerbahce","tag-voleybol"],"amp_enabled":true,"_links":{"self":[{"href":"https:\/\/www.fener.org\/index.php\/wp-json\/wp\/v2\/posts\/9418","targetHints":{"allow":["GET"]}}],"collection":[{"href":"https:\/\/www.fener.org\/index.php\/wp-json\/wp\/v2\/posts"}],"about":[{"href":"https:\/\/www.fener.org\/index.php\/wp-json\/wp\/v2\/types\/post"}],"author":[{"embeddable":true,"href":"https:\/\/www.fener.org\/index.php\/wp-json\/wp\/v2\/users\/1"}],"replies":[{"embeddable":true,"href":"https:\/\/www.fener.org\/index.php\/wp-json\/wp\/v2\/comments?post=9418"}],"version-history":[{"count":1,"href":"https:\/\/www.fener.org\/index.php\/wp-json\/wp\/v2\/posts\/9418\/revisions"}],"predecessor-version":[{"id":9419,"href":"https:\/\/www.fener.org\/index.php\/wp-json\/wp\/v2\/posts\/9418\/revisions\/9419"}],"wp:featuredmedia":[{"embeddable":true,"href":"https:\/\/www.fener.org\/index.php\/wp-json\/wp\/v2\/media\/6755"}],"wp:attachment":[{"href":"https:\/\/www.fener.org\/index.php\/wp-json\/wp\/v2\/media?parent=9418"}],"wp:term":[{"taxonomy":"category","embeddable":true,"href":"https:\/\/www.fener.org\/index.php\/wp-json\/wp\/v2\/categories?post=9418"},{"taxonomy":"post_tag","embeddable":true,"href":"https:\/\/www.fener.org\/index.php\/wp-json\/wp\/v2\/tags?post=9418"}],"curies":[{"name":"wp","href":"https:\/\/api.w.org\/{rel}","templated":true}]}}