{"id":9407,"date":"2019-12-18T11:17:13","date_gmt":"2019-12-18T08:17:13","guid":{"rendered":"https:\/\/www.fener.org\/?p=9407"},"modified":"2019-12-18T11:17:16","modified_gmt":"2019-12-18T08:17:16","slug":"obradovic-muthis-bir-firsat-kacirdik","status":"publish","type":"post","link":"https:\/\/www.fener.org\/index.php\/2019\/12\/18\/obradovic-muthis-bir-firsat-kacirdik\/","title":{"rendered":"Obradovic: M\u00fcthi\u015f bir f\u0131rsat ka\u00e7\u0131rd\u0131k"},"content":{"rendered":"\n<p>Obradovic, Panathinaikos kar\u015f\u0131la\u015fmas\u0131n\u0131n ard\u0131ndan Fenerbah\u00e7e Televizyonu\u2019na yapt\u0131\u011f\u0131 a\u00e7\u0131klamalarda \u015f\u00f6yle dedi.<\/p>\n\n\n\n<blockquote class=\"wp-block-quote is-layout-flow wp-block-quote-is-layout-flow\"><p>\u201cOyuncular\u0131m\u0131z\u0131 her \u015fekilde haz\u0131rlamaya \u00e7al\u0131\u015f\u0131yoruz ama \u015fu ana kadar oynad\u0131\u011f\u0131m\u0131z her ma\u00e7ta oldu\u011fu gibi \u00fc\u00e7\u00fcnc\u00fc \u00e7eyrekte inan\u0131lmaz \u015feyler oldu. Ma\u00e7\u0131 kaybetmemizin sebebi de bu. M\u00fcthi\u015f bir f\u0131rsat ka\u00e7\u0131rd\u0131k. Panathinaikos\u2019un bu sene \u00e7ok iyi bir kadrosu var ve \u00e7ok iyi oynuyorlar ama kazanmak i\u00e7in m\u00fcthi\u015f bir f\u0131rsat\u0131m\u0131z vard\u0131. Bir t\u00fcrl\u00fc yol kat edemiyoruz. Antrenmanlarla ma\u00e7 performans\u0131m\u0131z \u00e7ok farkl\u0131. Asl\u0131nda her \u015fey \u00e7ok net ama h\u00fccumda ve savunmada neler yapmam\u0131z gerekti\u011fini bir t\u00fcrl\u00fc anlayam\u0131yoruz. \u015eans\u0131m\u0131z daha da zorla\u015facak. Bu \u015fekilde devam edersek ve bu \u015fekilde oynarsak daha da zorlanaca\u011f\u0131z.\u201d<\/p><\/blockquote>\n","protected":false},"excerpt":{"rendered":"<p>Obradovic, Panathinaikos kar\u015f\u0131la\u015fmas\u0131n\u0131n ard\u0131ndan Fenerbah\u00e7e Televizyonu\u2019na yapt\u0131\u011f\u0131 a\u00e7\u0131klamalarda \u015f\u00f6yle dedi. \u201cOyuncular\u0131m\u0131z\u0131 her \u015fekilde haz\u0131rlamaya \u00e7al\u0131\u015f\u0131yoruz ama \u015fu ana kadar oynad\u0131\u011f\u0131m\u0131z her ma\u00e7ta oldu\u011fu gibi \u00fc\u00e7\u00fcnc\u00fc \u00e7eyrekte inan\u0131lmaz \u015feyler oldu. Ma\u00e7\u0131 kaybetmemizin sebebi de bu. M\u00fcthi\u015f bir f\u0131rsat ka\u00e7\u0131rd\u0131k. Panathinaikos\u2019un bu sene \u00e7ok iyi bir kadrosu var ve \u00e7ok iyi oynuyorlar ama kazanmak i\u00e7in m\u00fcthi\u015f bir [&hellip;]<\/p>\n","protected":false},"author":1,"featured_media":9408,"comment_status":"closed","ping_status":"closed","sticky":false,"template":"","format":"standard","meta":{"jnews-multi-image_gallery":[],"jnews_single_post":{"subtitle":"Fenerbah\u00e7e Erkek Basketbol Tak\u0131m\u0131m\u0131z\u0131n Ba\u015fantren\u00f6r\u00fc Zeljko Obradovic, tak\u0131m\u0131m\u0131z\u0131n Turkish Airlines EuroLeague 14. hafta ma\u00e7\u0131nda deplasmanda Panathinaikos ile kar\u015f\u0131la\u015ft\u0131\u011f\u0131 m\u00fccadelenin ard\u0131ndan a\u00e7\u0131klamalarda bulundu.","format":"standard","video":"","gallery":"","source_name":"","source_url":"","via_name":"","via_url":"","override":[{"single_blog_custom":"","sidebar":"","second_sidebar":"","share_position":"","share_float_style":"","post_date_format":"","post_date_format_custom":"","post_reading_time_wpm":"","zoom_button_out_step":"1","zoom_button_in_step":"1","number_popup_post":"1"}],"image_override":[{"single_post_thumbnail_size":"","single_post_gallery_size":""}],"trending_post_position":"","trending_post_label":""},"jnews_primary_category":{"id":"5"},"jnews_social_meta":{"fb_title":"","fb_description":"","fb_image":"","twitter_title":"","twitter_description":"","twitter_image":""},"jnews_override_counter":{"view_counter_number":"0","share_counter_number":"0","like_counter_number":"0","dislike_counter_number":"0"},"footnotes":""},"categories":[5,6,2],"tags":[24,23,75],"class_list":["post-9407","post","type-post","status-publish","format-standard","has-post-thumbnail","hentry","category-basketbol","category-erkek-basketbol","category-haberler","tag-basketbol","tag-fenerbahce","tag-zeljkoobradovic"],"amp_enabled":true,"_links":{"self":[{"href":"https:\/\/www.fener.org\/index.php\/wp-json\/wp\/v2\/posts\/9407","targetHints":{"allow":["GET"]}}],"collection":[{"href":"https:\/\/www.fener.org\/index.php\/wp-json\/wp\/v2\/posts"}],"about":[{"href":"https:\/\/www.fener.org\/index.php\/wp-json\/wp\/v2\/types\/post"}],"author":[{"embeddable":true,"href":"https:\/\/www.fener.org\/index.php\/wp-json\/wp\/v2\/users\/1"}],"replies":[{"embeddable":true,"href":"https:\/\/www.fener.org\/index.php\/wp-json\/wp\/v2\/comments?post=9407"}],"version-history":[{"count":1,"href":"https:\/\/www.fener.org\/index.php\/wp-json\/wp\/v2\/posts\/9407\/revisions"}],"predecessor-version":[{"id":9409,"href":"https:\/\/www.fener.org\/index.php\/wp-json\/wp\/v2\/posts\/9407\/revisions\/9409"}],"wp:featuredmedia":[{"embeddable":true,"href":"https:\/\/www.fener.org\/index.php\/wp-json\/wp\/v2\/media\/9408"}],"wp:attachment":[{"href":"https:\/\/www.fener.org\/index.php\/wp-json\/wp\/v2\/media?parent=9407"}],"wp:term":[{"taxonomy":"category","embeddable":true,"href":"https:\/\/www.fener.org\/index.php\/wp-json\/wp\/v2\/categories?post=9407"},{"taxonomy":"post_tag","embeddable":true,"href":"https:\/\/www.fener.org\/index.php\/wp-json\/wp\/v2\/tags?post=9407"}],"curies":[{"name":"wp","href":"https:\/\/api.w.org\/{rel}","templated":true}]}}