{"id":9397,"date":"2019-12-16T08:59:21","date_gmt":"2019-12-16T05:59:21","guid":{"rendered":"https:\/\/www.fener.org\/?p=9397"},"modified":"2019-12-16T08:59:24","modified_gmt":"2019-12-16T05:59:24","slug":"sadik-ciftpinar-sezonu-kapatti","status":"publish","type":"post","link":"https:\/\/www.fener.org\/index.php\/2019\/12\/16\/sadik-ciftpinar-sezonu-kapatti\/","title":{"rendered":"Sad\u0131k \u00c7iftp\u0131nar sezonu kapatt\u0131"},"content":{"rendered":"\n<p>Fenerbah\u00e7emizin, S\u00fcper Lig Cemil Usta Sezonu 15. haftas\u0131nda Demir Grup Sivasspor ile deplasmanda oynad\u0131\u011f\u0131 m\u00fccadelenin 22. dakikas\u0131nda sakatlanarak yerini Zanka&#8217;ya b\u0131rakan Sad\u0131k \u00c7iftp\u0131nar&#8217;\u0131n sezonu kapatt\u0131\u011f\u0131 duyuruldu.<\/p>\n\n\n\n<p>Oyuncumuzun \u00f6n \u00e7apraz ba\u011f\u0131nda kopuk tespit edildi\u011fi ve tedavisi i\u00e7in gerekli planlamalar\u0131n yap\u0131ld\u0131\u011f\u0131 belirtilirken, Fenerbah\u00e7e&#8217;den yap\u0131lan a\u00e7\u0131klamada \u015fu ifadeler yer ald\u0131:<\/p>\n\n\n\n<p>Oyuncumuzun \u00f6n \u00e7apraz ba\u011f\u0131nda kopuk tespit edildi\u011fi ve tedavisi i\u00e7in gerekli planlamalar\u0131n yap\u0131ld\u0131\u011f\u0131 belirtilirken, Fenerbah\u00e7e&#8217;den yap\u0131lan a\u00e7\u0131klamada \u015fu ifadeler yer ald\u0131:<\/p>\n\n\n\n<blockquote class=\"wp-block-quote is-layout-flow wp-block-quote-is-layout-flow\"><p>Demir Grup Sivasspor kar\u015f\u0131la\u015fmas\u0131nda sakatlanarak oyundan \u00e7\u0131kan futbolcumuz Sad\u0131k \u00c7iftp\u0131nar&#8217;\u0131n yap\u0131lan muayenesi ve MR de\u011ferlendirmesi sonucu \u00f6n \u00e7apraz ba\u011f\u0131nda kopuk tespit edilmi\u015f ve tedavisi i\u00e7in gerekli planlamalar yap\u0131lm\u0131\u015ft\u0131r.<\/p><p>2019-2020 Cemil Usta Sezonunu kapatan futbolcumuz Sad\u0131k \u00c7iftp\u0131nar&#8217;a ge\u00e7mi\u015f olsun der, sa\u011fl\u0131\u011f\u0131na bir an \u00f6nce kavu\u015fmas\u0131n\u0131 dileriz.<\/p><p><strong>Fenerbah\u00e7e Spor Kul\u00fcb\u00fc<\/strong><\/p><\/blockquote>\n","protected":false},"excerpt":{"rendered":"<p>Fenerbah\u00e7emizin, S\u00fcper Lig Cemil Usta Sezonu 15. haftas\u0131nda Demir Grup Sivasspor ile deplasmanda oynad\u0131\u011f\u0131 m\u00fccadelenin 22. dakikas\u0131nda sakatlanarak yerini Zanka&#8217;ya b\u0131rakan Sad\u0131k \u00c7iftp\u0131nar&#8217;\u0131n sezonu kapatt\u0131\u011f\u0131 duyuruldu. Oyuncumuzun \u00f6n \u00e7apraz ba\u011f\u0131nda kopuk tespit edildi\u011fi ve tedavisi i\u00e7in gerekli planlamalar\u0131n yap\u0131ld\u0131\u011f\u0131 belirtilirken, Fenerbah\u00e7e&#8217;den yap\u0131lan a\u00e7\u0131klamada \u015fu ifadeler yer ald\u0131: Oyuncumuzun \u00f6n \u00e7apraz ba\u011f\u0131nda kopuk tespit edildi\u011fi ve [&hellip;]<\/p>\n","protected":false},"author":1,"featured_media":9398,"comment_status":"closed","ping_status":"closed","sticky":false,"template":"","format":"standard","meta":{"jnews-multi-image_gallery":[],"jnews_single_post":{"subtitle":"S\u00fcper Lig Cemil Usta Sezonu 15. haftas\u0131nda Demir Grup Sivasspor ile deplasmanda oynanan m\u00fccadelede sakatlanan Sad\u0131k \u00c7iftp\u0131nar'\u0131n durumu, yap\u0131lan muayenesi ve MR de\u011ferlendirmesi sonucu netlik kazand\u0131.","format":"standard","video":"","gallery":"","source_name":"","source_url":"","via_name":"","via_url":"","override":[{"single_blog_custom":"","sidebar":"","second_sidebar":"","share_position":"","share_float_style":"","post_date_format":"","post_date_format_custom":"","post_reading_time_wpm":"","zoom_button_out_step":"1","zoom_button_in_step":"1","number_popup_post":"1"}],"image_override":[{"single_post_thumbnail_size":"","single_post_gallery_size":""}],"trending_post_position":"","trending_post_label":""},"jnews_primary_category":{"id":"4"},"jnews_social_meta":{"fb_title":"","fb_description":"","fb_image":"","twitter_title":"","twitter_description":"","twitter_image":""},"jnews_override_counter":{"view_counter_number":"0","share_counter_number":"0","like_counter_number":"0","dislike_counter_number":"0"},"footnotes":""},"categories":[4,2,47],"tags":[23,54,141],"class_list":["post-9397","post","type-post","status-publish","format-standard","has-post-thumbnail","hentry","category-futbol","category-haberler","category-profesyonel-a-futbol-takimi","tag-fenerbahce","tag-futbol","tag-sadikciftpinar"],"amp_enabled":true,"_links":{"self":[{"href":"https:\/\/www.fener.org\/index.php\/wp-json\/wp\/v2\/posts\/9397","targetHints":{"allow":["GET"]}}],"collection":[{"href":"https:\/\/www.fener.org\/index.php\/wp-json\/wp\/v2\/posts"}],"about":[{"href":"https:\/\/www.fener.org\/index.php\/wp-json\/wp\/v2\/types\/post"}],"author":[{"embeddable":true,"href":"https:\/\/www.fener.org\/index.php\/wp-json\/wp\/v2\/users\/1"}],"replies":[{"embeddable":true,"href":"https:\/\/www.fener.org\/index.php\/wp-json\/wp\/v2\/comments?post=9397"}],"version-history":[{"count":1,"href":"https:\/\/www.fener.org\/index.php\/wp-json\/wp\/v2\/posts\/9397\/revisions"}],"predecessor-version":[{"id":9399,"href":"https:\/\/www.fener.org\/index.php\/wp-json\/wp\/v2\/posts\/9397\/revisions\/9399"}],"wp:featuredmedia":[{"embeddable":true,"href":"https:\/\/www.fener.org\/index.php\/wp-json\/wp\/v2\/media\/9398"}],"wp:attachment":[{"href":"https:\/\/www.fener.org\/index.php\/wp-json\/wp\/v2\/media?parent=9397"}],"wp:term":[{"taxonomy":"category","embeddable":true,"href":"https:\/\/www.fener.org\/index.php\/wp-json\/wp\/v2\/categories?post=9397"},{"taxonomy":"post_tag","embeddable":true,"href":"https:\/\/www.fener.org\/index.php\/wp-json\/wp\/v2\/tags?post=9397"}],"curies":[{"name":"wp","href":"https:\/\/api.w.org\/{rel}","templated":true}]}}