{"id":9383,"date":"2019-12-15T08:42:07","date_gmt":"2019-12-15T05:42:07","guid":{"rendered":"https:\/\/www.fener.org\/?p=9383"},"modified":"2019-12-15T08:42:11","modified_gmt":"2019-12-15T05:42:11","slug":"obradovic-reaksiyon-gosteremedik","status":"publish","type":"post","link":"https:\/\/www.fener.org\/index.php\/2019\/12\/15\/obradovic-reaksiyon-gosteremedik\/","title":{"rendered":"Obradovic: Reaksiyon g\u00f6steremedik"},"content":{"rendered":"\n<p>Tak\u0131m\u0131m\u0131z\u0131n reaksiyon g\u00f6steremedi\u011fini ifade eden Zeljko Obradovic \u015funlar\u0131 s\u00f6yledi:<\/p>\n\n\n\n<blockquote class=\"wp-block-quote is-layout-flow wp-block-quote-is-layout-flow\"><p>\u201cAnadolu Efes kazanmay\u0131 hak etti. Bize kar\u015f\u0131 b\u00fcy\u00fck bir istekle m\u00fccadele ettiler ve biz reaksiyon g\u00f6steremedik. \u0130lk yar\u0131 ve ikinci yar\u0131 olarak iki farkl\u0131 oyun ortaya koydu\u011fumuzu s\u00f6ylemek do\u011fru olur. Ama ikinci yar\u0131n\u0131n ba\u015flang\u0131c\u0131 bizim i\u00e7in ger\u00e7ekten \u00e7ok k\u00f6t\u00fcyd\u00fc. Sezon i\u00e7inde bir\u00e7ok kez yapt\u0131\u011f\u0131m\u0131z hatalar\u0131 tekrar ettik. Sava\u015fmad\u0131k. Faul haklar\u0131m\u0131z\u0131 kullanmak istemedik. Karar vermemiz gereken \u015fey sava\u015fmak ve kazanmak istemek ya da ayn\u0131 \u015fekilde devam etmek. Tablo bizim i\u00e7in \u00e7ok k\u00f6t\u00fc. \u0130\u00e7inde Fenerbah\u00e7e\u2019yi hisseden herkesten, taraftarlar\u0131m\u0131zdan \u00f6z\u00fcr diliyorum. Ama durumumuz ger\u00e7ekten kolay de\u011fil. \u00c7\u00fcnk\u00fc her g\u00fcn konu\u015fuyor, hatalar\u0131m\u0131z\u0131 g\u00f6zden ge\u00e7iriyor ve idmanlarda \u00e7\u00f6z\u00fcm bulmaya \u00e7al\u0131\u015f\u0131yoruz ancak durum daha da k\u00f6t\u00fcye gidiyor.\u201d<\/p><\/blockquote>\n","protected":false},"excerpt":{"rendered":"<p>Tak\u0131m\u0131m\u0131z\u0131n reaksiyon g\u00f6steremedi\u011fini ifade eden Zeljko Obradovic \u015funlar\u0131 s\u00f6yledi: \u201cAnadolu Efes kazanmay\u0131 hak etti. Bize kar\u015f\u0131 b\u00fcy\u00fck bir istekle m\u00fccadele ettiler ve biz reaksiyon g\u00f6steremedik. \u0130lk yar\u0131 ve ikinci yar\u0131 olarak iki farkl\u0131 oyun ortaya koydu\u011fumuzu s\u00f6ylemek do\u011fru olur. Ama ikinci yar\u0131n\u0131n ba\u015flang\u0131c\u0131 bizim i\u00e7in ger\u00e7ekten \u00e7ok k\u00f6t\u00fcyd\u00fc. Sezon i\u00e7inde bir\u00e7ok kez yapt\u0131\u011f\u0131m\u0131z hatalar\u0131 tekrar [&hellip;]<\/p>\n","protected":false},"author":1,"featured_media":9384,"comment_status":"closed","ping_status":"closed","sticky":false,"template":"","format":"standard","meta":{"jnews-multi-image_gallery":[],"jnews_single_post":{"subtitle":"Fenerbah\u00e7e Erkek Basketbol Tak\u0131m\u0131m\u0131z\u0131n Ba\u015fantren\u00f6r\u00fc Zeljko Obradovic, tak\u0131m\u0131m\u0131z\u0131n Anadolu Efes ile oynad\u0131\u011f\u0131 m\u00fccadelenin ard\u0131ndan a\u00e7\u0131klamalarda bulundu.","format":"standard","video":"","gallery":"","source_name":"","source_url":"","via_name":"","via_url":"","override":[{"single_blog_custom":"","sidebar":"","second_sidebar":"","share_position":"","share_float_style":"","post_date_format":"","post_date_format_custom":"","post_reading_time_wpm":"","zoom_button_out_step":"1","zoom_button_in_step":"1","number_popup_post":"1"}],"image_override":[{"single_post_thumbnail_size":"","single_post_gallery_size":""}],"trending_post_position":"","trending_post_label":""},"jnews_primary_category":{"id":"5"},"jnews_social_meta":{"fb_title":"","fb_description":"","fb_image":"","twitter_title":"","twitter_description":"","twitter_image":""},"jnews_override_counter":{"view_counter_number":"0","share_counter_number":"0","like_counter_number":"0","dislike_counter_number":"0"},"footnotes":""},"categories":[5,6,2],"tags":[24,23,75],"class_list":["post-9383","post","type-post","status-publish","format-standard","has-post-thumbnail","hentry","category-basketbol","category-erkek-basketbol","category-haberler","tag-basketbol","tag-fenerbahce","tag-zeljkoobradovic"],"amp_enabled":true,"_links":{"self":[{"href":"https:\/\/www.fener.org\/index.php\/wp-json\/wp\/v2\/posts\/9383","targetHints":{"allow":["GET"]}}],"collection":[{"href":"https:\/\/www.fener.org\/index.php\/wp-json\/wp\/v2\/posts"}],"about":[{"href":"https:\/\/www.fener.org\/index.php\/wp-json\/wp\/v2\/types\/post"}],"author":[{"embeddable":true,"href":"https:\/\/www.fener.org\/index.php\/wp-json\/wp\/v2\/users\/1"}],"replies":[{"embeddable":true,"href":"https:\/\/www.fener.org\/index.php\/wp-json\/wp\/v2\/comments?post=9383"}],"version-history":[{"count":1,"href":"https:\/\/www.fener.org\/index.php\/wp-json\/wp\/v2\/posts\/9383\/revisions"}],"predecessor-version":[{"id":9385,"href":"https:\/\/www.fener.org\/index.php\/wp-json\/wp\/v2\/posts\/9383\/revisions\/9385"}],"wp:featuredmedia":[{"embeddable":true,"href":"https:\/\/www.fener.org\/index.php\/wp-json\/wp\/v2\/media\/9384"}],"wp:attachment":[{"href":"https:\/\/www.fener.org\/index.php\/wp-json\/wp\/v2\/media?parent=9383"}],"wp:term":[{"taxonomy":"category","embeddable":true,"href":"https:\/\/www.fener.org\/index.php\/wp-json\/wp\/v2\/categories?post=9383"},{"taxonomy":"post_tag","embeddable":true,"href":"https:\/\/www.fener.org\/index.php\/wp-json\/wp\/v2\/tags?post=9383"}],"curies":[{"name":"wp","href":"https:\/\/api.w.org\/{rel}","templated":true}]}}