{"id":9249,"date":"2019-12-01T21:50:31","date_gmt":"2019-12-01T18:50:31","guid":{"rendered":"https:\/\/www.fener.org\/?p=9249"},"modified":"2019-12-01T21:50:35","modified_gmt":"2019-12-01T18:50:35","slug":"futbol-altyapi-sonuclari-2","status":"publish","type":"post","link":"https:\/\/www.fener.org\/index.php\/2019\/12\/01\/futbol-altyapi-sonuclari-2\/","title":{"rendered":"Futbol Altyap\u0131 sonu\u00e7lar\u0131"},"content":{"rendered":"\n<p>Fenerbah\u00e7e 14, 15 ve 16 Ya\u015f Alt\u0131 Futbol Tak\u0131mlar\u0131m\u0131z, Spor Toto Geli\u015fim liglerindeki on birinci hafta ma\u00e7lar\u0131n\u0131 bug\u00fcn ger\u00e7ekle\u015ftirdi. 17 ve 19 Ya\u015f Alt\u0131 gen\u00e7 tak\u0131mlar\u0131m\u0131z ise on \u00fc\u00e7\u00fcnc\u00fc hafta ma\u00e7lar\u0131n\u0131 ger\u00e7ekle\u015ftirdi. Fenerbah\u00e7e 17 Ya\u015f Alt\u0131 tak\u0131m\u0131m\u0131z  deplasmanda G\u00f6ztepe&#8217;yi 3-2&#8217;lik skorla ge\u00e7erken, 19 Ya\u015f Alt\u0131 tak\u0131m\u0131m\u0131z da \u0130zmir ekibi kar\u015f\u0131s\u0131nda sahadan 2-0 galip ayr\u0131ld\u0131. \u0130stanbul Amat\u00f6r Spor Kul\u00fcpleri Federasyon 12 Ya\u015f Alt\u0131 Ligi\u2019nde m\u00fccadele eden Sar\u0131-Lacivert tak\u0131m\u0131m\u0131z ise Be\u015fikta\u015f ile oynad\u0131\u011f\u0131 deplasman ma\u00e7\u0131ndan ma\u011flup ayr\u0131ld\u0131.  <\/p>\n\n\n\n<p><strong>U19: G\u00f6ztepe 0-2 Fenerbah\u00e7e<\/strong><\/p>\n\n\n\n<p>S\u00fcper Toto Geli\u015fim Liginde bug\u00fcn on \u00fc\u00e7\u00fcnc\u00fc hafta m\u00fcsabakas\u0131n\u0131 ger\u00e7ekle\u015ftiren 19 Ya\u015f Alt\u0131 gen\u00e7 tak\u0131m\u0131m\u0131z G\u00f6ztepe\u2019yi sahas\u0131nda 2-0 ma\u011flup etti. Tak\u0131m\u0131m\u0131za galibiyeti getiren gollerin ikisini de 1\u2019inci ve 9\u2019uncu dakikada kaydeden G\u00fclhan \u00dcreyen oldu.<\/p>\n\n\n\n<p><strong>U17: G\u00f6ztepe 2-3 Fenerbah\u00e7e<\/strong><\/p>\n\n\n\n<p>Fenerbah\u00e7e 17 Ya\u015f Alt\u0131 gen\u00e7 tak\u0131m\u0131m\u0131z \u0130zmir deplasman\u0131nda b\u00fcy\u00fck bir m\u00fccadele sonucunda G\u00f6ztepe ile oynad\u0131\u011f\u0131 on \u00fc\u00e7\u00fcnc\u00fc hafta m\u00fcsabakas\u0131nda sahadan 3-2 galip ayr\u0131ld\u0131. Sar\u0131-Lacivert tak\u0131m\u0131m\u0131z\u0131n gollerini 64\u2019\u00fcnc\u00fc dakikada Kaan \u00d6zt\u00fcrk, 81\u2019inci dakikada Bora \u00c7uha ve 90+2\u2019inci dakikada Fatih Yi\u011fit \u015eanl\u0131t\u00fcrk kaydetti.<\/p>\n\n\n\n<p><strong>U16: Fenerbah\u00e7e 1-0 \u0130stanbulspor<\/strong><\/p>\n\n\n\n<p>Konuk etti\u011fimiz \u0130stanbulspor tak\u0131m\u0131n\u0131 saham\u0131zda 1-0 ma\u011flup ettik. S\u0131k\u0131 bir m\u00fccadele ile ge\u00e7en m\u00fcsabakada Sar\u0131-Lacivert tak\u0131m\u0131m\u0131z 65\u2019inci dakikada bask\u0131 yaratarak \u0130stanbulspor tak\u0131m\u0131 oyuncusu Furkan \u00d6zt\u00fcrk\u2019\u00fcn ters vuru\u015fu ile kendi kalesine att\u0131\u011f\u0131 gol sonucunda 1-0 \u00f6ne ge\u00e7erek sahadan galip ayr\u0131ld\u0131.<\/p>\n\n\n\n<p><strong>U15: \u0130stanbulspor 2-4 Fenerbah\u00e7e<\/strong><\/p>\n\n\n\n<p>Deplasmanda \u0130stanbulspor ile oynad\u0131\u011f\u0131m\u0131z ma\u00e7ta Sar\u0131-Lacivert tak\u0131m\u0131m\u0131z 4-2 sahadan galip ayr\u0131ld\u0131. Tak\u0131m\u0131m\u0131z\u0131n gollerini 29\u2019uncu dakikada Osman Aslanta\u015f, 55\u2019inci dakikada Arda G\u00fcler (P), 69\u2019uncu dakikada Mehmet Can G\u00fclerer ve 70\u2019inci dakikada tekrar sahneye \u00e7\u0131kan Arda G\u00fcler kaydetti.<\/p>\n\n\n\n<p>U14: \u0130stanbulspor 0-1 Fenerbah\u00e7e<br>\nG\u00fcn\u00fcn bir di\u011fer ma\u00e7\u0131nda Sar\u0131-Lacivert tak\u0131m\u0131m\u0131z \u0130stanbulspor\u2019a konuk oldu. \u0130stanbulspor kar\u015f\u0131s\u0131nda 1-0 galip olan tak\u0131m\u0131m\u0131z\u0131n gol\u00fcn\u00fc 50\u2019inci dakikada \u00dcmitcan Okan kaydetti.<\/p>\n\n\n\n<p><strong>U12: Be\u015fikta\u015f 2-1 Fenerbah\u00e7e<\/strong><\/p>\n\n\n\n<p>\u0130stanbul Amat\u00f6r Spor Kul\u00fcpleri Federasyon 12 Ya\u015f Alt\u0131 Ligi\u2019nde 37\u2019inci grupta m\u00fccadele eden Sar\u0131-Lacivert tak\u0131m\u0131m\u0131z Be\u015fikta\u015f ile oynad\u0131\u011f\u0131 deplasman ma\u00e7\u0131ndan 2-1 ma\u011flup ayr\u0131ld\u0131. M\u00fcsabakan\u0131n her iki yar\u0131s\u0131nda da bask\u0131n oynayan tak\u0131m\u0131m\u0131z ilk yar\u0131 Be\u015fikta\u015f\u2019a \u015fut \u00e7ekme f\u0131rsat\u0131 dahi vermedi ikinci yar\u0131 ise kalesinde iki \u015fanss\u0131z gol g\u00f6rd\u00fc. Sar\u0131-Lacivert tak\u0131m\u0131m\u0131z\u0131n gol\u00fcn\u00fc 8\u2019inci dakikada Emir Aslan kaydetti.<\/p>\n\n\n\n<p><strong>U10 (Haz\u0131rl\u0131k Ma\u00e7\u0131): Fenerbah\u00e7e 5-3 \u0130st. Ba\u015fak\u015fehir<\/strong><\/p>\n\n\n\n<p>\u0130stanbul Ba\u015fak\u015fehir Spor ile haz\u0131rl\u0131k m\u00fcsabakas\u0131 ger\u00e7ekle\u015ftiren Sar\u0131-Lacivert tak\u0131m\u0131m\u0131z kendi sahas\u0131ndan 5-3 galip ayr\u0131ld\u0131. Tak\u0131m\u0131m\u0131z\u0131n gollerini 9\u2019uncu dakikada Ya\u011f\u0131z Akarsu, 10\u2019uncu ve 14\u2019\u00fcnc\u00fc dakikalarda Galip Efe Ayd\u0131n, 24\u2019\u00fcnc\u00fc dakikada Naz\u0131m Demir Ak\u0131nc\u0131 ve 37\u2019inci dakikada Poyraz So\u011fanc\u0131o\u011flu kaydetti.<\/p>\n\n\n\n<p><strong>U9 (Haz\u0131rl\u0131k Ma\u00e7\u0131): Fenerbah\u00e7e 5-4 \u00c7ay\u0131rova<\/strong><\/p>\n\n\n\n<p>Fenerbah\u00e7e Lefter K\u00fc\u00e7\u00fckandonyadis Derea\u011fz\u0131 Tesislerimizde ger\u00e7ekle\u015fen haz\u0131rl\u0131k m\u00fcsabakas\u0131nda \u00c7ay\u0131rovaspor kar\u015f\u0131s\u0131nda tak\u0131m\u0131m\u0131z 5-4 sahadan galip ayr\u0131ld\u0131. Tak\u0131m\u0131m\u0131z\u0131n gollerini; 10\u2019uncu dakikada Fatih Do\u011fan, 15\u2019inci dakikada Alp Kutlar, 30\u2019uncu dakikada Ayaz \u00d6zbu\u011futu ve 35\u2019inci ve 40\u2019\u0131nc\u0131 dakikalarda Furkan Korkmaz kaydetti.<\/p>\n","protected":false},"excerpt":{"rendered":"<p>Fenerbah\u00e7e 14, 15 ve 16 Ya\u015f Alt\u0131 Futbol Tak\u0131mlar\u0131m\u0131z, Spor Toto Geli\u015fim liglerindeki on birinci hafta ma\u00e7lar\u0131n\u0131 bug\u00fcn ger\u00e7ekle\u015ftirdi. 17 ve 19 Ya\u015f Alt\u0131 gen\u00e7 tak\u0131mlar\u0131m\u0131z ise on \u00fc\u00e7\u00fcnc\u00fc hafta ma\u00e7lar\u0131n\u0131 ger\u00e7ekle\u015ftirdi. Fenerbah\u00e7e 17 Ya\u015f Alt\u0131 tak\u0131m\u0131m\u0131z deplasmanda G\u00f6ztepe&#8217;yi 3-2&#8217;lik skorla ge\u00e7erken, 19 Ya\u015f Alt\u0131 tak\u0131m\u0131m\u0131z da \u0130zmir ekibi kar\u015f\u0131s\u0131nda sahadan 2-0 galip ayr\u0131ld\u0131. \u0130stanbul [&hellip;]<\/p>\n","protected":false},"author":1,"featured_media":9250,"comment_status":"closed","ping_status":"closed","sticky":false,"template":"","format":"standard","meta":{"jnews-multi-image_gallery":[],"jnews_single_post":{"subtitle":"","format":"standard","video":"","gallery":"","source_name":"","source_url":"","via_name":"","via_url":"","override":[{"single_blog_custom":"","sidebar":"","second_sidebar":"","share_position":"","share_float_style":"","post_date_format":"","post_date_format_custom":"","post_reading_time_wpm":"","zoom_button_out_step":"1","zoom_button_in_step":"1","number_popup_post":"1"}],"image_override":[{"single_post_thumbnail_size":"","single_post_gallery_size":""}],"trending_post_position":"","trending_post_label":""},"jnews_primary_category":{"id":"4"},"jnews_social_meta":{"fb_title":"","fb_description":"","fb_image":"","twitter_title":"","twitter_description":"","twitter_image":""},"jnews_override_counter":{"view_counter_number":"0","share_counter_number":"0","like_counter_number":"0","dislike_counter_number":"0"},"footnotes":""},"categories":[4,17,2],"tags":[23,54],"class_list":["post-9249","post","type-post","status-publish","format-standard","has-post-thumbnail","hentry","category-futbol","category-futbol-altyapi","category-haberler","tag-fenerbahce","tag-futbol"],"amp_enabled":true,"_links":{"self":[{"href":"https:\/\/www.fener.org\/index.php\/wp-json\/wp\/v2\/posts\/9249","targetHints":{"allow":["GET"]}}],"collection":[{"href":"https:\/\/www.fener.org\/index.php\/wp-json\/wp\/v2\/posts"}],"about":[{"href":"https:\/\/www.fener.org\/index.php\/wp-json\/wp\/v2\/types\/post"}],"author":[{"embeddable":true,"href":"https:\/\/www.fener.org\/index.php\/wp-json\/wp\/v2\/users\/1"}],"replies":[{"embeddable":true,"href":"https:\/\/www.fener.org\/index.php\/wp-json\/wp\/v2\/comments?post=9249"}],"version-history":[{"count":1,"href":"https:\/\/www.fener.org\/index.php\/wp-json\/wp\/v2\/posts\/9249\/revisions"}],"predecessor-version":[{"id":9251,"href":"https:\/\/www.fener.org\/index.php\/wp-json\/wp\/v2\/posts\/9249\/revisions\/9251"}],"wp:featuredmedia":[{"embeddable":true,"href":"https:\/\/www.fener.org\/index.php\/wp-json\/wp\/v2\/media\/9250"}],"wp:attachment":[{"href":"https:\/\/www.fener.org\/index.php\/wp-json\/wp\/v2\/media?parent=9249"}],"wp:term":[{"taxonomy":"category","embeddable":true,"href":"https:\/\/www.fener.org\/index.php\/wp-json\/wp\/v2\/categories?post=9249"},{"taxonomy":"post_tag","embeddable":true,"href":"https:\/\/www.fener.org\/index.php\/wp-json\/wp\/v2\/tags?post=9249"}],"curies":[{"name":"wp","href":"https:\/\/api.w.org\/{rel}","templated":true}]}}