{"id":9223,"date":"2019-11-30T09:43:17","date_gmt":"2019-11-30T06:43:17","guid":{"rendered":"https:\/\/www.fener.org\/?p=9223"},"modified":"2019-11-30T09:43:21","modified_gmt":"2019-11-30T06:43:21","slug":"sari-melekler-karayollari-ile-mucadele-ediyor","status":"publish","type":"post","link":"https:\/\/www.fener.org\/index.php\/2019\/11\/30\/sari-melekler-karayollari-ile-mucadele-ediyor\/","title":{"rendered":"Sar\u0131 Melekler, Karayollar\u0131 ile m\u00fccadele ediyor"},"content":{"rendered":"\n<p>Fenerbah\u00e7e Opet, Vestel Ven\u00fcs Sultanlar Ligi\u2019nde ilk devrenin son ma\u00e7\u0131na \u00e7\u0131k\u0131yor. Sar\u0131 Melekler, ligin 11. haftas\u0131nda bug\u00fcn (30 Kas\u0131m Cumartesi g\u00fcn\u00fc) Karayollar\u0131 ile kar\u015f\u0131la\u015facak. TVF Burhan Felek Voleybol Salonu\u2019nda oynanacak m\u00fccadele saat 19.00\u2019da ba\u015flayacak ve TRT Spor 2\u2019den canl\u0131 ekranlara gelecek.<\/p>\n\n\n\n<p>Ligde geride kalan 10 haftay\u0131; 8 galibiyet ve 2 ma\u011flubiyetle tamamlayan Sar\u0131 Melekler, toplad\u0131\u011f\u0131 23 puanla \u00fc\u00e7\u00fcnc\u00fc s\u0131rada yer al\u0131yor. Rakibimiz Karayollar\u0131 ise, ligde \u00e7\u0131kt\u0131\u011f\u0131 10 kar\u015f\u0131la\u015fmada 2 galibiyet, 8 ma\u011flubiyet elde etti ve kendine 10 puanla on birinci s\u0131rada yer buldu.<\/p>\n","protected":false},"excerpt":{"rendered":"<p>Fenerbah\u00e7e Opet, Vestel Ven\u00fcs Sultanlar Ligi\u2019nde ilk devrenin son ma\u00e7\u0131na \u00e7\u0131k\u0131yor. Sar\u0131 Melekler, ligin 11. haftas\u0131nda bug\u00fcn (30 Kas\u0131m Cumartesi g\u00fcn\u00fc) Karayollar\u0131 ile kar\u015f\u0131la\u015facak. TVF Burhan Felek Voleybol Salonu\u2019nda oynanacak m\u00fccadele saat 19.00\u2019da ba\u015flayacak ve TRT Spor 2\u2019den canl\u0131 ekranlara gelecek. Ligde geride kalan 10 haftay\u0131; 8 galibiyet ve 2 ma\u011flubiyetle tamamlayan Sar\u0131 Melekler, toplad\u0131\u011f\u0131 [&hellip;]<\/p>\n","protected":false},"author":1,"featured_media":8842,"comment_status":"closed","ping_status":"closed","sticky":false,"template":"","format":"standard","meta":{"jnews-multi-image_gallery":[],"jnews_single_post":{"subtitle":"Fenerbah\u00e7e Kad\u0131n Voleybol Tak\u0131m\u0131m\u0131z, Sultanlar Ligi 11. hafta m\u00fccadelesinde sahas\u0131nda Karayollar\u0131 ile kar\u015f\u0131la\u015f\u0131yor.","format":"standard","video":"","gallery":"","source_name":"","source_url":"","via_name":"","via_url":"","override":[{"single_blog_custom":"","sidebar":"","second_sidebar":"","share_position":"","share_float_style":"","post_date_format":"","post_date_format_custom":"","post_reading_time_wpm":"","zoom_button_out_step":"1","zoom_button_in_step":"1","number_popup_post":"1"}],"image_override":[{"single_post_thumbnail_size":"","single_post_gallery_size":""}],"trending_post_position":"","trending_post_label":""},"jnews_primary_category":{"id":"8"},"jnews_social_meta":{"fb_title":"","fb_description":"","fb_image":"","twitter_title":"","twitter_description":"","twitter_image":""},"jnews_override_counter":{"view_counter_number":"0","share_counter_number":"0","like_counter_number":"0","dislike_counter_number":"0"},"footnotes":""},"categories":[2,10,8],"tags":[23,29],"class_list":["post-9223","post","type-post","status-publish","format-standard","has-post-thumbnail","hentry","category-haberler","category-kadin-voleybol","category-voleybol","tag-fenerbahce","tag-voleybol"],"amp_enabled":true,"_links":{"self":[{"href":"https:\/\/www.fener.org\/index.php\/wp-json\/wp\/v2\/posts\/9223","targetHints":{"allow":["GET"]}}],"collection":[{"href":"https:\/\/www.fener.org\/index.php\/wp-json\/wp\/v2\/posts"}],"about":[{"href":"https:\/\/www.fener.org\/index.php\/wp-json\/wp\/v2\/types\/post"}],"author":[{"embeddable":true,"href":"https:\/\/www.fener.org\/index.php\/wp-json\/wp\/v2\/users\/1"}],"replies":[{"embeddable":true,"href":"https:\/\/www.fener.org\/index.php\/wp-json\/wp\/v2\/comments?post=9223"}],"version-history":[{"count":1,"href":"https:\/\/www.fener.org\/index.php\/wp-json\/wp\/v2\/posts\/9223\/revisions"}],"predecessor-version":[{"id":9224,"href":"https:\/\/www.fener.org\/index.php\/wp-json\/wp\/v2\/posts\/9223\/revisions\/9224"}],"wp:featuredmedia":[{"embeddable":true,"href":"https:\/\/www.fener.org\/index.php\/wp-json\/wp\/v2\/media\/8842"}],"wp:attachment":[{"href":"https:\/\/www.fener.org\/index.php\/wp-json\/wp\/v2\/media?parent=9223"}],"wp:term":[{"taxonomy":"category","embeddable":true,"href":"https:\/\/www.fener.org\/index.php\/wp-json\/wp\/v2\/categories?post=9223"},{"taxonomy":"post_tag","embeddable":true,"href":"https:\/\/www.fener.org\/index.php\/wp-json\/wp\/v2\/tags?post=9223"}],"curies":[{"name":"wp","href":"https:\/\/api.w.org\/{rel}","templated":true}]}}