{"id":9170,"date":"2019-11-24T21:18:11","date_gmt":"2019-11-24T18:18:11","guid":{"rendered":"https:\/\/www.fener.org\/?p=9170"},"modified":"2019-11-24T21:18:14","modified_gmt":"2019-11-24T18:18:14","slug":"btc-turk-yeni-malatyaspor-0-0-fenerbahce","status":"publish","type":"post","link":"https:\/\/www.fener.org\/index.php\/2019\/11\/24\/btc-turk-yeni-malatyaspor-0-0-fenerbahce\/","title":{"rendered":"Btc T\u00fcrk Yeni Malatyaspor 0-0 Fenerbah\u00e7e"},"content":{"rendered":"\n<p>Fenerbah\u00e7e, S\u00fcper Lig&#8217;in 12. haftas\u0131nda deplasmanda Btc T\u00fcrk Yeni Malatyaspor ile kar\u015f\u0131la\u015ft\u0131. Ekibimiz ma\u00e7tan 0-0 beraberlikle ayr\u0131ld\u0131. Teknik direkt\u00f6r\u00fc Ersun Yanal, ligde son oynad\u0131klar\u0131 Kas\u0131mpa\u015fa ma\u00e7\u0131na g\u00f6re ilk 11&#8217;inde 3 de\u011fi\u015fikli\u011fe gitti. Kas\u0131mpa\u015fa ma\u00e7\u0131nda ilk 11&#8217;de forma giyen Isla, Rodrigues, Vedat Muric&#8217;in yerine Malatya deplasman\u0131nda, Dirar, Alper Potuk ve Emre Bel\u00f6zo\u011flu g\u00f6rev yapt\u0131.<\/p>\n\n\n\n<p>Yeni Malatya Stad\u0131&#8217;nda oynanan kar\u015f\u0131la\u015fmada Ersun Yanal tak\u0131m\u0131n\u0131 sahaya, Altay Bay\u0131nd\u0131r, Dirar, Zanka, Serdar Aziz, Hasan Ali Kald\u0131r\u0131m, Ozan Tufan, Luiz Gustavo, Emre Bel\u00f6zo\u011flu, Tolga Ci\u011ferci, Alper Potuk ve Moses ilk 11&#8217;i ile s\u00fcrd\u00fc. Fenerbah\u00e7e&#8217;de sol bacak alt adalesinde k\u0131smi y\u0131rt\u0131k tespit edildi\u011fi ve tedavisine ba\u015flanan Mevl\u00fct Erdin\u00e7, Vedat Muric, Max Kruse ile k\u0131rm\u0131z\u0131 kart cezal\u0131s\u0131 Mauricio Isla m\u00fcsabaka kadrosunda yer almad\u0131.<\/p>\n\n\n\n<p>Fenerbah\u00e7e&#8217;de Alper Potuk, Tolga Ci\u011ferci ve Emre Bel\u00f6zo\u011flu yerlerini Garry Rodrigues, Jailson ve Tolgay Arslan&#8217;a b\u0131rakt\u0131. \u00d6zellikle Garry Rodrigues, yorulan Yeni Malatyaspor savunmas\u0131 kar\u015f\u0131s\u0131nda s\u00fcratiyle etkili olmas\u0131na ra\u011fmen sonucu de\u011fi\u015ftiremedi. \u00c7alan son d\u00fcd\u00fckle birlikte puanlar payla\u015f\u0131ld\u0131.<\/p>\n\n\n<p><strong>Ma\u00e7tan dakikalar:<\/strong><\/p>\n<p>4. dakikada Emre Bel\u00f6zo\u011flu&#8217;nun sa\u011f kanattan kulland\u0131\u011f\u0131 serbest vuru\u015fa savunman\u0131n m\u00fcdahalesinde top kornere gitti.<br \/>11. dakikada orta sahadan kapt\u0131\u011f\u0131 topla ceza sahas\u0131na giren Guilherme&#8217;nin bekletmeden yapt\u0131\u011f\u0131 vuru\u015f, kalecinin sa\u011f\u0131ndan auta \u00e7\u0131kt\u0131.<br \/>30. dakikada Alper Potuk&#8217;un pas\u0131yla ceza sahas\u0131nda topla bulu\u015fan Moses&#8217;in vuru\u015fu kaleci Farnolle&#8217;nin sa\u011f\u0131ndan auta \u00e7\u0131kt\u0131.<br \/>39. dakikada Guilherme&#8217;nin ceza sahas\u0131 d\u0131\u015f\u0131ndan kulland\u0131\u011f\u0131 serbest vuru\u015fa iyi y\u00fckselen Chebake&#8217;nin vuru\u015funda kaleci Altay Bay\u0131nd\u0131r topu kornere \u00e7eldi.<br \/>45+3 Emre Bel\u00f6zo\u011flu&#8217;nun ceza sahas\u0131 i\u00e7erisinde yapt\u0131\u011f\u0131 ortaya Moses y\u00fckseldi. Kaleci Farnolle&#8217;nin m\u00fcdahalesi sonras\u0131 kar\u015f\u0131la\u015fman\u0131n hakemi Mete Kalkavan VAR&#8217;a giderek penalt\u0131 noktas\u0131n\u0131 g\u00f6sterdi.<br \/>45+5&#8217;te Emre Bel\u00f6zo\u011flu&#8217;nun kulland\u0131\u011f\u0131 penalt\u0131y\u0131 kaleci Farnolle kurtard\u0131.<\/p>","protected":false},"excerpt":{"rendered":"<p>Fenerbah\u00e7e, S\u00fcper Lig&#8217;in 12. haftas\u0131nda deplasmanda Btc T\u00fcrk Yeni Malatyaspor ile kar\u015f\u0131la\u015ft\u0131. Ekibimiz ma\u00e7tan 0-0 beraberlikle ayr\u0131ld\u0131. Teknik direkt\u00f6r\u00fc Ersun Yanal, ligde son oynad\u0131klar\u0131 Kas\u0131mpa\u015fa ma\u00e7\u0131na g\u00f6re ilk 11&#8217;inde 3 de\u011fi\u015fikli\u011fe gitti. Kas\u0131mpa\u015fa ma\u00e7\u0131nda ilk 11&#8217;de forma giyen Isla, Rodrigues, Vedat Muric&#8217;in yerine Malatya deplasman\u0131nda, Dirar, Alper Potuk ve Emre Bel\u00f6zo\u011flu g\u00f6rev yapt\u0131. Yeni Malatya [&hellip;]<\/p>\n","protected":false},"author":1,"featured_media":9171,"comment_status":"closed","ping_status":"closed","sticky":false,"template":"","format":"standard","meta":{"jnews-multi-image_gallery":[],"jnews_single_post":{"subtitle":"S\u00fcper Lig'in 12. haftas\u0131nda deplasmanda Btc T\u00fcrk Yeni Malatyaspor ile kar\u015f\u0131la\u015fan Fenerbah\u00e7e, kar\u015f\u0131la\u015fmadan gols\u00fcz beraberlikle ayr\u0131ld\u0131.","format":"standard","video":"","gallery":"","source_name":"","source_url":"","via_name":"","via_url":"","override":[{"single_blog_custom":"","sidebar":"","second_sidebar":"","share_position":"","share_float_style":"","post_date_format":"","post_date_format_custom":"","post_reading_time_wpm":"","zoom_button_out_step":"1","zoom_button_in_step":"1","number_popup_post":"1"}],"image_override":[{"single_post_thumbnail_size":"","single_post_gallery_size":""}],"trending_post_position":"","trending_post_label":""},"jnews_primary_category":{"id":"4"},"jnews_social_meta":{"fb_title":"","fb_description":"","fb_image":"","twitter_title":"","twitter_description":"","twitter_image":""},"jnews_override_counter":{"view_counter_number":"0","share_counter_number":"0","like_counter_number":"0","dislike_counter_number":"0"},"footnotes":""},"categories":[4,2,47],"tags":[23,54],"class_list":["post-9170","post","type-post","status-publish","format-standard","has-post-thumbnail","hentry","category-futbol","category-haberler","category-profesyonel-a-futbol-takimi","tag-fenerbahce","tag-futbol"],"amp_enabled":true,"_links":{"self":[{"href":"https:\/\/www.fener.org\/index.php\/wp-json\/wp\/v2\/posts\/9170","targetHints":{"allow":["GET"]}}],"collection":[{"href":"https:\/\/www.fener.org\/index.php\/wp-json\/wp\/v2\/posts"}],"about":[{"href":"https:\/\/www.fener.org\/index.php\/wp-json\/wp\/v2\/types\/post"}],"author":[{"embeddable":true,"href":"https:\/\/www.fener.org\/index.php\/wp-json\/wp\/v2\/users\/1"}],"replies":[{"embeddable":true,"href":"https:\/\/www.fener.org\/index.php\/wp-json\/wp\/v2\/comments?post=9170"}],"version-history":[{"count":1,"href":"https:\/\/www.fener.org\/index.php\/wp-json\/wp\/v2\/posts\/9170\/revisions"}],"predecessor-version":[{"id":9172,"href":"https:\/\/www.fener.org\/index.php\/wp-json\/wp\/v2\/posts\/9170\/revisions\/9172"}],"wp:featuredmedia":[{"embeddable":true,"href":"https:\/\/www.fener.org\/index.php\/wp-json\/wp\/v2\/media\/9171"}],"wp:attachment":[{"href":"https:\/\/www.fener.org\/index.php\/wp-json\/wp\/v2\/media?parent=9170"}],"wp:term":[{"taxonomy":"category","embeddable":true,"href":"https:\/\/www.fener.org\/index.php\/wp-json\/wp\/v2\/categories?post=9170"},{"taxonomy":"post_tag","embeddable":true,"href":"https:\/\/www.fener.org\/index.php\/wp-json\/wp\/v2\/tags?post=9170"}],"curies":[{"name":"wp","href":"https:\/\/api.w.org\/{rel}","templated":true}]}}