{"id":9132,"date":"2019-11-21T08:58:01","date_gmt":"2019-11-21T05:58:01","guid":{"rendered":"https:\/\/www.fener.org\/?p=9132"},"modified":"2019-11-21T08:58:06","modified_gmt":"2019-11-21T05:58:06","slug":"obradovic-su-an-felaketiz","status":"publish","type":"post","link":"https:\/\/www.fener.org\/index.php\/2019\/11\/21\/obradovic-su-an-felaketiz\/","title":{"rendered":"Obradovic: \u015eu an felaketiz"},"content":{"rendered":"\n<p>Zeljko Obradovic, Barcelona kar\u015f\u0131la\u015fmas\u0131n\u0131n ard\u0131ndan Fenerbah\u00e7e Televizyonu\u2019na de\u011ferlendirmelerde bulundu\u011fu konu\u015fmas\u0131nda \u015funlar\u0131 s\u00f6yledi:<\/p>\n\n\n\n<blockquote class=\"wp-block-quote is-layout-flow wp-block-quote-is-layout-flow\"><p>\u201cBu sene sadece Final Four\u2019a kat\u0131lmak de\u011fil; EuroLeague\u2019i kazanabilece\u011fi d\u00fc\u015f\u00fcn\u00fclen favori bir tak\u0131mla oynad\u0131k. Bu, kesinlikle sergiledi\u011fimiz tablonun izah\u0131 de\u011fil. \u00c7ok k\u00f6t\u00fc oynad\u0131k. EuroLeague\u2019den sonra hep ayn\u0131 \u015feyleri konu\u015fuyoruz. Motivasyondan bahsetmek istiyorum. Motivasyonunuz yoksa k\u00f6t\u00fc reaksiyon g\u00f6steriyorsunuz ve her \u015fey \u00e7ok k\u00f6t\u00fc oluyor. Bu ak\u015fam da \u00e7ok fazla taraftar\u0131m\u0131z vard\u0131. 7 y\u0131l boyunca, burada oldu\u011fum s\u00fcrece inan\u0131lmaz destek g\u00f6sterdiler. Bunu oyuncular\u0131m\u0131z\u0131n ve hepimizin akl\u0131nda tutmas\u0131 gerekiyor. \u00c7ok \u00f6nemli bir \u015fey \u00e7\u00fcnk\u00fc bu insanlar bizim i\u00e7in her \u015feyi yap\u0131yorlar. 6 y\u0131l boyunca ba\u015ftan sona kadar sava\u015fan, her \u015feyi \u00e7ok iyi anlayan ve irdeleyen bir tak\u0131md\u0131k. \u015eu an felaketiz. Reaksiyon yaratmam\u0131z gerekiyor. Nas\u0131l olacak hen\u00fcz bilmiyorum ama ben elimden geleni yapaca\u011f\u0131m. Fransa\u2019daki ma\u00e7a tak\u0131m\u0131 haz\u0131rlamaya \u00e7al\u0131\u015faca\u011f\u0131m. \u0130stekli ve motivasyonu olan, sava\u015fan bir tak\u0131m ma\u00e7\u0131 asla 16 faulle bitirmez. Kesinlikle sava\u015fmad\u0131k. Zor bir s\u00fcre\u00e7ten ge\u00e7iyoruz.\u201d<\/p><\/blockquote>\n","protected":false},"excerpt":{"rendered":"<p>Zeljko Obradovic, Barcelona kar\u015f\u0131la\u015fmas\u0131n\u0131n ard\u0131ndan Fenerbah\u00e7e Televizyonu\u2019na de\u011ferlendirmelerde bulundu\u011fu konu\u015fmas\u0131nda \u015funlar\u0131 s\u00f6yledi: \u201cBu sene sadece Final Four\u2019a kat\u0131lmak de\u011fil; EuroLeague\u2019i kazanabilece\u011fi d\u00fc\u015f\u00fcn\u00fclen favori bir tak\u0131mla oynad\u0131k. Bu, kesinlikle sergiledi\u011fimiz tablonun izah\u0131 de\u011fil. \u00c7ok k\u00f6t\u00fc oynad\u0131k. EuroLeague\u2019den sonra hep ayn\u0131 \u015feyleri konu\u015fuyoruz. Motivasyondan bahsetmek istiyorum. Motivasyonunuz yoksa k\u00f6t\u00fc reaksiyon g\u00f6steriyorsunuz ve her \u015fey \u00e7ok k\u00f6t\u00fc oluyor. [&hellip;]<\/p>\n","protected":false},"author":1,"featured_media":8933,"comment_status":"closed","ping_status":"closed","sticky":false,"template":"","format":"standard","meta":{"jnews-multi-image_gallery":[],"jnews_single_post":{"subtitle":"Ba\u015fantren\u00f6r\u00fcm\u00fcz Zeljko Obradovic, Fenerbah\u00e7e Erkek Basketbol Tak\u0131m\u0131m\u0131z\u0131n Barcelona ile deplasmanda oynad\u0131\u011f\u0131 ve ma\u011flup oldu\u011fu m\u00fccadelenin ard\u0131ndan a\u00e7\u0131klamalarda bulundu.","format":"standard","video":"","gallery":"","source_name":"","source_url":"","via_name":"","via_url":"","override":[{"single_blog_custom":"","sidebar":"","second_sidebar":"","share_position":"","share_float_style":"","post_date_format":"","post_date_format_custom":"","post_reading_time_wpm":"","zoom_button_out_step":"1","zoom_button_in_step":"1","number_popup_post":"1"}],"image_override":[{"single_post_thumbnail_size":"","single_post_gallery_size":""}],"trending_post_position":"","trending_post_label":""},"jnews_primary_category":{"id":"5"},"jnews_social_meta":{"fb_title":"","fb_description":"","fb_image":"","twitter_title":"","twitter_description":"","twitter_image":""},"jnews_override_counter":{"view_counter_number":"0","share_counter_number":"0","like_counter_number":"0","dislike_counter_number":"0"},"footnotes":""},"categories":[5,6,2],"tags":[24,23,75],"class_list":["post-9132","post","type-post","status-publish","format-standard","has-post-thumbnail","hentry","category-basketbol","category-erkek-basketbol","category-haberler","tag-basketbol","tag-fenerbahce","tag-zeljkoobradovic"],"amp_enabled":true,"_links":{"self":[{"href":"https:\/\/www.fener.org\/index.php\/wp-json\/wp\/v2\/posts\/9132","targetHints":{"allow":["GET"]}}],"collection":[{"href":"https:\/\/www.fener.org\/index.php\/wp-json\/wp\/v2\/posts"}],"about":[{"href":"https:\/\/www.fener.org\/index.php\/wp-json\/wp\/v2\/types\/post"}],"author":[{"embeddable":true,"href":"https:\/\/www.fener.org\/index.php\/wp-json\/wp\/v2\/users\/1"}],"replies":[{"embeddable":true,"href":"https:\/\/www.fener.org\/index.php\/wp-json\/wp\/v2\/comments?post=9132"}],"version-history":[{"count":1,"href":"https:\/\/www.fener.org\/index.php\/wp-json\/wp\/v2\/posts\/9132\/revisions"}],"predecessor-version":[{"id":9133,"href":"https:\/\/www.fener.org\/index.php\/wp-json\/wp\/v2\/posts\/9132\/revisions\/9133"}],"wp:featuredmedia":[{"embeddable":true,"href":"https:\/\/www.fener.org\/index.php\/wp-json\/wp\/v2\/media\/8933"}],"wp:attachment":[{"href":"https:\/\/www.fener.org\/index.php\/wp-json\/wp\/v2\/media?parent=9132"}],"wp:term":[{"taxonomy":"category","embeddable":true,"href":"https:\/\/www.fener.org\/index.php\/wp-json\/wp\/v2\/categories?post=9132"},{"taxonomy":"post_tag","embeddable":true,"href":"https:\/\/www.fener.org\/index.php\/wp-json\/wp\/v2\/tags?post=9132"}],"curies":[{"name":"wp","href":"https:\/\/api.w.org\/{rel}","templated":true}]}}