{"id":9078,"date":"2019-11-16T01:21:44","date_gmt":"2019-11-15T22:21:44","guid":{"rendered":"https:\/\/www.fener.org\/?p=9078"},"modified":"2019-11-16T01:21:48","modified_gmt":"2019-11-15T22:21:48","slug":"obradovic-korkarim-bu-tabloyu-degistirmek-cok-kolay-olmayacak","status":"publish","type":"post","link":"https:\/\/www.fener.org\/index.php\/2019\/11\/16\/obradovic-korkarim-bu-tabloyu-degistirmek-cok-kolay-olmayacak\/","title":{"rendered":"Obradovic: Korkar\u0131m bu tabloyu de\u011fi\u015ftirmek \u00e7ok kolay olmayacak"},"content":{"rendered":"\n<p>\u00c7ok k\u00f6t\u00fc oynad\u0131klar\u0131n\u0131 ifade eden Obradovic, Fenerbah\u00e7e Televizyonu\u2019na yapt\u0131\u011f\u0131 a\u00e7\u0131klamada \u015funlar\u0131 s\u00f6yledi:<\/p>\n\n\n\n<p>\u201cBir tane daha \u00e7ok k\u00f6t\u00fc oynad\u0131\u011f\u0131m\u0131z bir ma\u00e7. EuroLeague ma\u00e7lar\u0131 bizlere ekstra motivasyon veren ma\u00e7lar olmal\u0131. \u00d6zellikle de iki kere evde oynad\u0131ktan sonra taraftarlar\u0131m\u0131z\u0131n deste\u011fi, co\u015fkusu, sevgisi ve idman ziyaretine gelen taraftarlar\u0131m\u0131z\u0131n bizlere olan g\u00fcvenlerini g\u00f6sterdikten sonra. Bug\u00fcn sergiledi\u011fimiz tabloda da kesinlikle son iki ma\u00e7ta bize verdikleri mesaj\u0131 ve idmana geldiklerinde iletmek istediklerini anlamad\u0131\u011f\u0131m\u0131z kesin. Bug\u00fcn sergiledi\u011fimiz tablo i\u00e7in onlardan \u00e7ok \u00f6z\u00fcr diliyorum. Korkar\u0131m bu tabloyu de\u011fi\u015ftirmek \u00e7ok kolay olmayacak. Bunu hep konu\u015fuyoruz ama bu yeterli de\u011fil san\u0131r\u0131m. Son \u00e7eyrekte sadece 2 faul yapt\u0131k tak\u0131m olarak ve onlar\u0131n nas\u0131l skor \u00fcretti\u011fini izlemekten ba\u015fka yapt\u0131\u011f\u0131m\u0131z bir \u015fey yok. Bu, \u00e7ok \u015feyi anlat\u0131yor.\u201d<\/p>\n","protected":false},"excerpt":{"rendered":"<p>\u00c7ok k\u00f6t\u00fc oynad\u0131klar\u0131n\u0131 ifade eden Obradovic, Fenerbah\u00e7e Televizyonu\u2019na yapt\u0131\u011f\u0131 a\u00e7\u0131klamada \u015funlar\u0131 s\u00f6yledi: \u201cBir tane daha \u00e7ok k\u00f6t\u00fc oynad\u0131\u011f\u0131m\u0131z bir ma\u00e7. EuroLeague ma\u00e7lar\u0131 bizlere ekstra motivasyon veren ma\u00e7lar olmal\u0131. \u00d6zellikle de iki kere evde oynad\u0131ktan sonra taraftarlar\u0131m\u0131z\u0131n deste\u011fi, co\u015fkusu, sevgisi ve idman ziyaretine gelen taraftarlar\u0131m\u0131z\u0131n bizlere olan g\u00fcvenlerini g\u00f6sterdikten sonra. Bug\u00fcn sergiledi\u011fimiz tabloda da kesinlikle son [&hellip;]<\/p>\n","protected":false},"author":1,"featured_media":8664,"comment_status":"closed","ping_status":"closed","sticky":false,"template":"","format":"standard","meta":{"jnews-multi-image_gallery":[],"jnews_single_post":{"subtitle":"Fenerbah\u00e7e Erkek Basketbol Tak\u0131m\u0131m\u0131z\u0131n Ba\u015fantren\u00f6r\u00fc Zeljko Obradovic, tak\u0131m\u0131m\u0131z\u0131n Turkish Airlines EuroLeague 8. hafta ma\u00e7\u0131nda deplasmanda CSKA Moskova'ya kaybetti\u011fi m\u00fccadele sonras\u0131nda a\u00e7\u0131klamalarda bulundu.","format":"standard","video":"","gallery":"","source_name":"","source_url":"","via_name":"","via_url":"","override":[{"single_blog_custom":"","sidebar":"","second_sidebar":"","share_position":"","share_float_style":"","post_date_format":"","post_date_format_custom":"","post_reading_time_wpm":"","zoom_button_out_step":"1","zoom_button_in_step":"1","number_popup_post":"1"}],"image_override":[{"single_post_thumbnail_size":"","single_post_gallery_size":""}],"trending_post_position":"","trending_post_label":""},"jnews_primary_category":{"id":"5"},"jnews_social_meta":{"fb_title":"","fb_description":"","fb_image":"","twitter_title":"","twitter_description":"","twitter_image":""},"jnews_override_counter":{"view_counter_number":"0","share_counter_number":"0","like_counter_number":"0","dislike_counter_number":"0"},"footnotes":""},"categories":[5,6,2],"tags":[24,23,75],"class_list":["post-9078","post","type-post","status-publish","format-standard","has-post-thumbnail","hentry","category-basketbol","category-erkek-basketbol","category-haberler","tag-basketbol","tag-fenerbahce","tag-zeljkoobradovic"],"amp_enabled":true,"_links":{"self":[{"href":"https:\/\/www.fener.org\/index.php\/wp-json\/wp\/v2\/posts\/9078","targetHints":{"allow":["GET"]}}],"collection":[{"href":"https:\/\/www.fener.org\/index.php\/wp-json\/wp\/v2\/posts"}],"about":[{"href":"https:\/\/www.fener.org\/index.php\/wp-json\/wp\/v2\/types\/post"}],"author":[{"embeddable":true,"href":"https:\/\/www.fener.org\/index.php\/wp-json\/wp\/v2\/users\/1"}],"replies":[{"embeddable":true,"href":"https:\/\/www.fener.org\/index.php\/wp-json\/wp\/v2\/comments?post=9078"}],"version-history":[{"count":1,"href":"https:\/\/www.fener.org\/index.php\/wp-json\/wp\/v2\/posts\/9078\/revisions"}],"predecessor-version":[{"id":9079,"href":"https:\/\/www.fener.org\/index.php\/wp-json\/wp\/v2\/posts\/9078\/revisions\/9079"}],"wp:featuredmedia":[{"embeddable":true,"href":"https:\/\/www.fener.org\/index.php\/wp-json\/wp\/v2\/media\/8664"}],"wp:attachment":[{"href":"https:\/\/www.fener.org\/index.php\/wp-json\/wp\/v2\/media?parent=9078"}],"wp:term":[{"taxonomy":"category","embeddable":true,"href":"https:\/\/www.fener.org\/index.php\/wp-json\/wp\/v2\/categories?post=9078"},{"taxonomy":"post_tag","embeddable":true,"href":"https:\/\/www.fener.org\/index.php\/wp-json\/wp\/v2\/tags?post=9078"}],"curies":[{"name":"wp","href":"https:\/\/api.w.org\/{rel}","templated":true}]}}