{"id":9037,"date":"2019-11-10T19:08:28","date_gmt":"2019-11-10T16:08:28","guid":{"rendered":"https:\/\/www.fener.org\/?p=9037"},"modified":"2019-11-10T19:12:38","modified_gmt":"2019-11-10T16:12:38","slug":"bursa-bsb-1-3-fenerbahce-hdi-sigorta","status":"publish","type":"post","link":"https:\/\/www.fener.org\/index.php\/2019\/11\/10\/bursa-bsb-1-3-fenerbahce-hdi-sigorta\/","title":{"rendered":"Bursa B\u015eB 1-3 Fenerbah\u00e7e HDI Sigorta"},"content":{"rendered":"\n<p>Fenerbah\u00e7e HDI Sigorta, AXA Sigorta Efeler Ligi 5. hafta m\u00fccadelesinde Bursa B\u00fcy\u00fck\u015fehir Belediyesi\u2019ne konuk oldu. Ekibimiz, TVF Cengiz G\u00f6ll\u00fc Voleybol Salonu\u2019nda oynanan m\u00fccadeleden 3-0 galip ayr\u0131ld\u0131.<\/p>\n\n\n\n<p>Tak\u0131m\u0131m\u0131z, T\u00fcrkiye Cumhuriyeti\u2019nin kurucusu Ulu \u00d6nder Gazi Mustafa Kemal Atat\u00fcrk\u2019\u00fcn ebediyete intikal edi\u015finin 81. y\u0131l d\u00f6n\u00fcm\u00fcn\u00fc anmak amac\u0131yla \u201cSONSUZ \u00d6ZLEMLE, EBED\u0130YETE DEK KALB\u0130M\u0130ZDE\u2026\u201d yaz\u0131l\u0131 pankartla oyun alan\u0131na geldi.<\/p>\n\n\n\n<p>Mariusz Sordyl y\u00f6netimindeki Fenerbah\u00e7e HDI Sigorta kar\u015f\u0131la\u015fmaya; Ula\u015f K\u0131yak, Salvador Hidalgo, O\u011fuzhan Karasu, Emre Batur, Wouter Ter Maat, Thibault Rossard ve libero Ahmet Karata\u015f ile ba\u015flad\u0131.<\/p>\n\n\n\n<p>\u0130lk sette teknik molaya 12-4 \u00f6nde giden taraf Fenerbah\u00e7e HDI Sigorta olurken; rakibinin skora ortak olmas\u0131na izin vermedi. \u0130lk seti 25-18 kazanan Ekibimiz, ma\u00e7ta 1-0 \u00f6ne ge\u00e7ti.<\/p>\n\n\n\n<p>Kar\u015f\u0131l\u0131kl\u0131 say\u0131larla ba\u015flayan ikinci setin teknik molas\u0131na, Bursa B\u00fcy\u00fck\u015fehir Belediyespor 12-9 \u00f6nde girdi. Mola d\u00f6n\u00fc\u015f\u00fcnde de kar\u015f\u0131l\u0131kl\u0131 say\u0131lar olurken; Fenerbah\u00e7e HDI Sigorta ikinci seti 25-23 geride tamamlad\u0131 ve ma\u00e7a 1-1\u2019lik e\u015fitlik geldi.<\/p>\n\n\n\n<p>\u00dc\u00e7\u00fcnc\u00fc sete olduk\u00e7a etkili ba\u015flayan Tak\u0131m\u0131m\u0131z, teknik molaya da 12-7 \u00f6nde girdi. Mola d\u00f6n\u00fc\u015f\u00fcnde yakalad\u0131\u011f\u0131 serilerle skor avantaj\u0131n\u0131 elinde tutmay\u0131 ba\u015faran Fenerbah\u00e7e HDI Sigorta, seti 25-19 kazanarak setlerde 2-1 \u00f6ne ge\u00e7ti.<\/p>\n\n\n\n<p>Olduk\u00e7a \u00e7eki\u015fmeli ge\u00e7en d\u00f6rd\u00fcnc\u00fc seti de 25-21 kazanan Fenerbah\u00e7e HDI Sigorta, kar\u015f\u0131la\u015fmadan 3-1 galip ayr\u0131ld\u0131.<\/p>\n","protected":false},"excerpt":{"rendered":"<p>Fenerbah\u00e7e HDI Sigorta, AXA Sigorta Efeler Ligi 5. hafta m\u00fccadelesinde Bursa B\u00fcy\u00fck\u015fehir Belediyesi\u2019ne konuk oldu. Ekibimiz, TVF Cengiz G\u00f6ll\u00fc Voleybol Salonu\u2019nda oynanan m\u00fccadeleden 3-0 galip ayr\u0131ld\u0131. Tak\u0131m\u0131m\u0131z, T\u00fcrkiye Cumhuriyeti\u2019nin kurucusu Ulu \u00d6nder Gazi Mustafa Kemal Atat\u00fcrk\u2019\u00fcn ebediyete intikal edi\u015finin 81. y\u0131l d\u00f6n\u00fcm\u00fcn\u00fc anmak amac\u0131yla \u201cSONSUZ \u00d6ZLEMLE, EBED\u0130YETE DEK KALB\u0130M\u0130ZDE\u2026\u201d yaz\u0131l\u0131 pankartla oyun alan\u0131na geldi. Mariusz [&hellip;]<\/p>\n","protected":false},"author":1,"featured_media":9038,"comment_status":"closed","ping_status":"closed","sticky":false,"template":"","format":"standard","meta":{"jnews-multi-image_gallery":[],"jnews_single_post":{"subtitle":"Fenerbah\u00e7e Erkek Voleybol Tak\u0131m\u0131m\u0131z, Efeler Ligi 5. hafta m\u00fccadelesinde Bursa B\u00fcy\u00fck\u015fehir Belediyesi ile deplasmanda oynad\u0131\u011f\u0131 m\u00fccadeleden galibiyetle ayr\u0131ld\u0131.","format":"standard","video":"","gallery":"","source_name":"","source_url":"","via_name":"","via_url":"","override":[{"single_blog_custom":"","sidebar":"","second_sidebar":"","share_position":"","share_float_style":"","post_date_format":"","post_date_format_custom":"","post_reading_time_wpm":"","zoom_button_out_step":"1","zoom_button_in_step":"1","number_popup_post":"1"}],"image_override":[{"single_post_thumbnail_size":"","single_post_gallery_size":""}],"trending_post_position":"","trending_post_label":""},"jnews_primary_category":{"id":"8"},"jnews_social_meta":{"fb_title":"","fb_description":"","fb_image":"","twitter_title":"","twitter_description":"","twitter_image":""},"jnews_override_counter":{"view_counter_number":"0","share_counter_number":"0","like_counter_number":"0","dislike_counter_number":"0"},"footnotes":""},"categories":[9,2,8],"tags":[23,29],"class_list":["post-9037","post","type-post","status-publish","format-standard","has-post-thumbnail","hentry","category-erkek-voleybol","category-haberler","category-voleybol","tag-fenerbahce","tag-voleybol"],"amp_enabled":true,"_links":{"self":[{"href":"https:\/\/www.fener.org\/index.php\/wp-json\/wp\/v2\/posts\/9037","targetHints":{"allow":["GET"]}}],"collection":[{"href":"https:\/\/www.fener.org\/index.php\/wp-json\/wp\/v2\/posts"}],"about":[{"href":"https:\/\/www.fener.org\/index.php\/wp-json\/wp\/v2\/types\/post"}],"author":[{"embeddable":true,"href":"https:\/\/www.fener.org\/index.php\/wp-json\/wp\/v2\/users\/1"}],"replies":[{"embeddable":true,"href":"https:\/\/www.fener.org\/index.php\/wp-json\/wp\/v2\/comments?post=9037"}],"version-history":[{"count":2,"href":"https:\/\/www.fener.org\/index.php\/wp-json\/wp\/v2\/posts\/9037\/revisions"}],"predecessor-version":[{"id":9040,"href":"https:\/\/www.fener.org\/index.php\/wp-json\/wp\/v2\/posts\/9037\/revisions\/9040"}],"wp:featuredmedia":[{"embeddable":true,"href":"https:\/\/www.fener.org\/index.php\/wp-json\/wp\/v2\/media\/9038"}],"wp:attachment":[{"href":"https:\/\/www.fener.org\/index.php\/wp-json\/wp\/v2\/media?parent=9037"}],"wp:term":[{"taxonomy":"category","embeddable":true,"href":"https:\/\/www.fener.org\/index.php\/wp-json\/wp\/v2\/categories?post=9037"},{"taxonomy":"post_tag","embeddable":true,"href":"https:\/\/www.fener.org\/index.php\/wp-json\/wp\/v2\/tags?post=9037"}],"curies":[{"name":"wp","href":"https:\/\/api.w.org\/{rel}","templated":true}]}}