{"id":9004,"date":"2019-11-08T09:02:06","date_gmt":"2019-11-08T06:02:06","guid":{"rendered":"https:\/\/www.fener.org\/?p=9004"},"modified":"2019-11-08T09:02:11","modified_gmt":"2019-11-08T06:02:11","slug":"fenerbahce-beko-bayern-munih-ile-karsilasiyor","status":"publish","type":"post","link":"https:\/\/www.fener.org\/index.php\/2019\/11\/08\/fenerbahce-beko-bayern-munih-ile-karsilasiyor\/","title":{"rendered":"Fenerbah\u00e7e Beko, Bayern M\u00fcnih ile kar\u015f\u0131la\u015f\u0131yor"},"content":{"rendered":"\n<p>Fenerbah\u00e7e Beko, Turkish Airlines EuroLeague 7. hafta ma\u00e7\u0131nda Bayern M\u00fcnih\u2019i konuk ediyor. Bug\u00fcn (8 Kas\u0131m Cuma g\u00fcn\u00fc) saat 20:45\u2019te \u00dclker Spor ve Etkinlik Salonu\u2019nda oynanacak m\u00fccadele beIN Sports Haber taraf\u0131ndan canl\u0131 yay\u0131nlanacak. Kar\u015f\u0131la\u015fmay\u0131; Sreten Radovic (H\u0131rvatistan), Ioannis Foufis (Yunanistan), Carlos Peruga (\u0130spanya) hakem \u00fc\u00e7l\u00fcs\u00fc y\u00f6netecek.<\/p>\n\n\n\n<p>Fenerbah\u00e7e Beko, EuroLeague\u2019de geride b\u0131rakt\u0131\u011f\u0131m\u0131z \u00e7ift ma\u00e7 haftas\u0131nda istedi\u011fi sonu\u00e7lar\u0131 alamad\u0131. 30 Ekim \u00c7ar\u015famba g\u00fcn\u00fc Maccabi FOX\u2019a konuk olan ekibimiz, rakibine 67-55 yenildi. Fenerbah\u00e7e Beko, 1 Kas\u0131m Cuma g\u00fcn\u00fc ise Zalgiris Kaunas\u2019\u0131 \u00dclker Spor ve Etkinlik Salonu\u2019nda a\u011f\u0131rlad\u0131. M\u00fccadelenin b\u00fcy\u00fck b\u00f6l\u00fcm\u00fcn\u00fc \u00f6nde g\u00f6t\u00fcren Fenerbah\u00e7e Beko, rakibinin son b\u00f6l\u00fcmdeki 0-10\u2019luk serisine engel olamayarak m\u00fcsabakadan  76-79 ma\u011flup ayr\u0131ld\u0131. Fenerbah\u00e7e Beko\u2019nun alt\u0131 ma\u00e7 sonunda bir galibiyeti bulunuyor.<\/p>\n\n\n\n<p>Fenerbah\u00e7e Beko, son resmi ma\u00e7\u0131na ise ING Basketbol S\u00fcper Ligi\u2019nde \u00e7\u0131kt\u0131. 3 Kas\u0131m Pazar g\u00fcn\u00fc Meksa Yat\u0131r\u0131m Afyon Belediyespor\u2019u a\u011f\u0131rlayan ekibimiz, bu m\u00fccadeleyi 86-80 kazand\u0131. Ekibimizin ligde alt\u0131 ma\u00e7 sonunda be\u015f galibiyeti bulunuyor.<\/p>\n\n\n\n<p>S\u0131rp antren\u00f6r Dejan Radonjic taraf\u0131ndan \u00e7al\u0131\u015ft\u0131r\u0131lan Bayern M\u00fcnih, EuroLeague\u2019de bu sezon oynad\u0131\u011f\u0131 alt\u0131 ma\u00e7ta \u00fc\u00e7 galibiyet elde etti. Rakibimiz, \u00e7ift ma\u00e7 haftas\u0131n\u0131n ilk m\u00fccadelesinde 30 Ekim \u00c7ar\u015famba g\u00fcn\u00fc Real Madrid\u2019i M\u00fcnih\u2019te 95-86 yendi. Almanya temsilcisi, \u00e7ift ma\u00e7 haftas\u0131n\u0131n ikinci kar\u015f\u0131la\u015fmas\u0131nda ise 1 Kas\u0131m Cuma g\u00fcn\u00fc Kirolbet Baskonia\u2019ya konuk oldu ve m\u00fccadeleden 93-60 ma\u011flup ayr\u0131ld\u0131.<\/p>\n\n\n\n<p>Bayern M\u00fcnih, Almanya Ligi\u2019nde oynad\u0131\u011f\u0131 be\u015f ma\u00e7\u0131 da kazand\u0131. Rakibimiz, son lig ma\u00e7\u0131nda 27 Ekim tarihinde s.Oliver W\u00fcrzburg deplasman\u0131na konuk olmu\u015f ve m\u00fccadeleyi 82-90 galip tamamlam\u0131\u015ft\u0131.<\/p>\n","protected":false},"excerpt":{"rendered":"<p>Fenerbah\u00e7e Beko, Turkish Airlines EuroLeague 7. hafta ma\u00e7\u0131nda Bayern M\u00fcnih\u2019i konuk ediyor. Bug\u00fcn (8 Kas\u0131m Cuma g\u00fcn\u00fc) saat 20:45\u2019te \u00dclker Spor ve Etkinlik Salonu\u2019nda oynanacak m\u00fccadele beIN Sports Haber taraf\u0131ndan canl\u0131 yay\u0131nlanacak. Kar\u015f\u0131la\u015fmay\u0131; Sreten Radovic (H\u0131rvatistan), Ioannis Foufis (Yunanistan), Carlos Peruga (\u0130spanya) hakem \u00fc\u00e7l\u00fcs\u00fc y\u00f6netecek. Fenerbah\u00e7e Beko, EuroLeague\u2019de geride b\u0131rakt\u0131\u011f\u0131m\u0131z \u00e7ift ma\u00e7 haftas\u0131nda istedi\u011fi sonu\u00e7lar\u0131 [&hellip;]<\/p>\n","protected":false},"author":1,"featured_media":8922,"comment_status":"closed","ping_status":"closed","sticky":false,"template":"","format":"standard","meta":{"jnews-multi-image_gallery":[],"jnews_single_post":{"subtitle":"Fenerbah\u00e7e Erkek Basketbol Tak\u0131m\u0131m\u0131z, Turkish Airlines EuroLeague 7. hafta ma\u00e7\u0131nda Bayern M\u00fcnih ile sahas\u0131nda m\u00fccadele edecek.","format":"standard","video":"","gallery":"","source_name":"","source_url":"","via_name":"","via_url":"","override":[{"single_blog_custom":"","sidebar":"","second_sidebar":"","share_position":"","share_float_style":"","post_date_format":"","post_date_format_custom":"","post_reading_time_wpm":"","zoom_button_out_step":"1","zoom_button_in_step":"1","number_popup_post":"1"}],"image_override":[{"single_post_thumbnail_size":"","single_post_gallery_size":""}],"trending_post_position":"","trending_post_label":""},"jnews_primary_category":{"id":"5"},"jnews_social_meta":{"fb_title":"","fb_description":"","fb_image":"","twitter_title":"","twitter_description":"","twitter_image":""},"jnews_override_counter":{"view_counter_number":"0","share_counter_number":"0","like_counter_number":"0","dislike_counter_number":"0"},"footnotes":""},"categories":[5,6,2],"tags":[24,74,23],"class_list":["post-9004","post","type-post","status-publish","format-standard","has-post-thumbnail","hentry","category-basketbol","category-erkek-basketbol","category-haberler","tag-basketbol","tag-euroleague","tag-fenerbahce"],"amp_enabled":true,"_links":{"self":[{"href":"https:\/\/www.fener.org\/index.php\/wp-json\/wp\/v2\/posts\/9004","targetHints":{"allow":["GET"]}}],"collection":[{"href":"https:\/\/www.fener.org\/index.php\/wp-json\/wp\/v2\/posts"}],"about":[{"href":"https:\/\/www.fener.org\/index.php\/wp-json\/wp\/v2\/types\/post"}],"author":[{"embeddable":true,"href":"https:\/\/www.fener.org\/index.php\/wp-json\/wp\/v2\/users\/1"}],"replies":[{"embeddable":true,"href":"https:\/\/www.fener.org\/index.php\/wp-json\/wp\/v2\/comments?post=9004"}],"version-history":[{"count":1,"href":"https:\/\/www.fener.org\/index.php\/wp-json\/wp\/v2\/posts\/9004\/revisions"}],"predecessor-version":[{"id":9005,"href":"https:\/\/www.fener.org\/index.php\/wp-json\/wp\/v2\/posts\/9004\/revisions\/9005"}],"wp:featuredmedia":[{"embeddable":true,"href":"https:\/\/www.fener.org\/index.php\/wp-json\/wp\/v2\/media\/8922"}],"wp:attachment":[{"href":"https:\/\/www.fener.org\/index.php\/wp-json\/wp\/v2\/media?parent=9004"}],"wp:term":[{"taxonomy":"category","embeddable":true,"href":"https:\/\/www.fener.org\/index.php\/wp-json\/wp\/v2\/categories?post=9004"},{"taxonomy":"post_tag","embeddable":true,"href":"https:\/\/www.fener.org\/index.php\/wp-json\/wp\/v2\/tags?post=9004"}],"curies":[{"name":"wp","href":"https:\/\/api.w.org\/{rel}","templated":true}]}}