{"id":8988,"date":"2019-11-06T19:32:39","date_gmt":"2019-11-06T16:32:39","guid":{"rendered":"https:\/\/www.fener.org\/?p=8988"},"modified":"2019-11-06T19:34:29","modified_gmt":"2019-11-06T16:34:29","slug":"ziraat-turkiye-kupasinda-rakibimiz-istanbulspor","status":"publish","type":"post","link":"https:\/\/www.fener.org\/index.php\/2019\/11\/06\/ziraat-turkiye-kupasinda-rakibimiz-istanbulspor\/","title":{"rendered":"Ziraat T\u00fcrkiye Kupas\u0131&#8217;nda rakibimiz \u0130stanbulspor"},"content":{"rendered":"\n<p>Ziraat T\u00fcrkiye Kupas\u0131 5. Eleme Turu kura \u00e7ekim t\u00f6reni, TFF Hasan Do\u011fan Milli Tak\u0131mlar Kamp ve E\u011fitim Tesisleri Orhan Saka Konferans Salonu&#8217;nda ger\u00e7ekle\u015ftirildi. Kura \u00e7ekiminde Kul\u00fcb\u00fcm\u00fcz\u00fc Futbol Tak\u0131m\u0131m\u0131z\u0131n \u0130dari Menajeri Volkan Ball\u0131 temsil etti.<\/p>\n\n\n\n<p>Toplamda 32 tak\u0131m\u0131n m\u00fccadele edece\u011fi ve \u00e7ift ma\u00e7 eleminasyon sistemine g\u00f6re oynanacak Ziraat T\u00fcrkiye Kupas\u0131 5. Eleme Turu&#8217;nda ilk ma\u00e7lar 3, 4 ve 5 Aral\u0131k tarihlerinde, r\u00f6van\u015f ma\u00e7lar\u0131 ise 17, 18 ve 19 Aral\u0131k 2019 tarihlerinde oynanacak.<\/p>\n","protected":false},"excerpt":{"rendered":"<p>Ziraat T\u00fcrkiye Kupas\u0131 5. Eleme Turu kura \u00e7ekim t\u00f6reni, TFF Hasan Do\u011fan Milli Tak\u0131mlar Kamp ve E\u011fitim Tesisleri Orhan Saka Konferans Salonu&#8217;nda ger\u00e7ekle\u015ftirildi. Kura \u00e7ekiminde Kul\u00fcb\u00fcm\u00fcz\u00fc Futbol Tak\u0131m\u0131m\u0131z\u0131n \u0130dari Menajeri Volkan Ball\u0131 temsil etti. Toplamda 32 tak\u0131m\u0131n m\u00fccadele edece\u011fi ve \u00e7ift ma\u00e7 eleminasyon sistemine g\u00f6re oynanacak Ziraat T\u00fcrkiye Kupas\u0131 5. Eleme Turu&#8217;nda ilk ma\u00e7lar 3, [&hellip;]<\/p>\n","protected":false},"author":1,"featured_media":3408,"comment_status":"closed","ping_status":"closed","sticky":false,"template":"","format":"standard","meta":{"jnews-multi-image_gallery":[],"jnews_single_post":{"subtitle":"Fenerbah\u00e7e, Ziraat T\u00fcrkiye Kupas\u0131 5. Eleme Turu\u2019nda \u0130stanbulspor ile e\u015fle\u015fti.","format":"standard","video":"","gallery":"","source_name":"","source_url":"","via_name":"","via_url":"","override":[{"single_blog_custom":"","sidebar":"","second_sidebar":"","share_position":"","share_float_style":"","post_date_format":"","post_date_format_custom":"","post_reading_time_wpm":"","zoom_button_out_step":"1","zoom_button_in_step":"1","number_popup_post":"1"}],"image_override":[{"single_post_thumbnail_size":"","single_post_gallery_size":""}],"trending_post_position":"","trending_post_label":""},"jnews_primary_category":{"id":"4"},"jnews_social_meta":{"fb_title":"","fb_description":"","fb_image":"","twitter_title":"","twitter_description":"","twitter_image":""},"jnews_override_counter":{"view_counter_number":"0","share_counter_number":"0","like_counter_number":"0","dislike_counter_number":"0"},"footnotes":""},"categories":[4,2,47],"tags":[23,54],"class_list":["post-8988","post","type-post","status-publish","format-standard","has-post-thumbnail","hentry","category-futbol","category-haberler","category-profesyonel-a-futbol-takimi","tag-fenerbahce","tag-futbol"],"amp_enabled":true,"_links":{"self":[{"href":"https:\/\/www.fener.org\/index.php\/wp-json\/wp\/v2\/posts\/8988","targetHints":{"allow":["GET"]}}],"collection":[{"href":"https:\/\/www.fener.org\/index.php\/wp-json\/wp\/v2\/posts"}],"about":[{"href":"https:\/\/www.fener.org\/index.php\/wp-json\/wp\/v2\/types\/post"}],"author":[{"embeddable":true,"href":"https:\/\/www.fener.org\/index.php\/wp-json\/wp\/v2\/users\/1"}],"replies":[{"embeddable":true,"href":"https:\/\/www.fener.org\/index.php\/wp-json\/wp\/v2\/comments?post=8988"}],"version-history":[{"count":1,"href":"https:\/\/www.fener.org\/index.php\/wp-json\/wp\/v2\/posts\/8988\/revisions"}],"predecessor-version":[{"id":8989,"href":"https:\/\/www.fener.org\/index.php\/wp-json\/wp\/v2\/posts\/8988\/revisions\/8989"}],"wp:featuredmedia":[{"embeddable":true,"href":"https:\/\/www.fener.org\/index.php\/wp-json\/wp\/v2\/media\/3408"}],"wp:attachment":[{"href":"https:\/\/www.fener.org\/index.php\/wp-json\/wp\/v2\/media?parent=8988"}],"wp:term":[{"taxonomy":"category","embeddable":true,"href":"https:\/\/www.fener.org\/index.php\/wp-json\/wp\/v2\/categories?post=8988"},{"taxonomy":"post_tag","embeddable":true,"href":"https:\/\/www.fener.org\/index.php\/wp-json\/wp\/v2\/tags?post=8988"}],"curies":[{"name":"wp","href":"https:\/\/api.w.org\/{rel}","templated":true}]}}