{"id":8981,"date":"2019-11-06T10:07:23","date_gmt":"2019-11-06T07:07:23","guid":{"rendered":"https:\/\/www.fener.org\/?p=8981"},"modified":"2019-11-06T10:07:27","modified_gmt":"2019-11-06T07:07:27","slug":"potanin-kraliceleri-dynamo-kursk-deplasmaninda","status":"publish","type":"post","link":"https:\/\/www.fener.org\/index.php\/2019\/11\/06\/potanin-kraliceleri-dynamo-kursk-deplasmaninda\/","title":{"rendered":"Potan\u0131n Krali\u00e7eleri, Dynamo Kursk deplasman\u0131nda"},"content":{"rendered":"\n<p>Fenerbah\u00e7e \u00d6znur Kablo, EuroLeague Women d\u00f6rd\u00fcnc\u00fc hafta ma\u00e7\u0131nda Rusya ekibi Dynamo Kursk\u2019a konuk oluyor. Bug\u00fcn (6 Kas\u0131m \u00c7ar\u015famba g\u00fcn\u00fc) Sport Concert Complex&#8217;in ev sahipli\u011fi yapaca\u011f\u0131 m\u00fcsabaka saat 19.00\u2019da ba\u015flayacak ve FB TV\u2019den ekranlara gelecek.<\/p>\n\n\n\n<p>Fenerbah\u00e7e \u00d6znur Kablo, geride kalan 3 ma\u00e7ta 2 galibiyet, 1 ma\u011flubiyet elde etti.<\/p>\n\n\n\n<p>Rakibimiz Dynamo Kursk ise gruptaki ilk 3 ma\u00e7\u0131nda 2 galibiyet, 1 ma\u011flubiyet ald\u0131.<\/p>\n","protected":false},"excerpt":{"rendered":"<p>Fenerbah\u00e7e \u00d6znur Kablo, EuroLeague Women d\u00f6rd\u00fcnc\u00fc hafta ma\u00e7\u0131nda Rusya ekibi Dynamo Kursk\u2019a konuk oluyor. Bug\u00fcn (6 Kas\u0131m \u00c7ar\u015famba g\u00fcn\u00fc) Sport Concert Complex&#8217;in ev sahipli\u011fi yapaca\u011f\u0131 m\u00fcsabaka saat 19.00\u2019da ba\u015flayacak ve FB TV\u2019den ekranlara gelecek. Fenerbah\u00e7e \u00d6znur Kablo, geride kalan 3 ma\u00e7ta 2 galibiyet, 1 ma\u011flubiyet elde etti. Rakibimiz Dynamo Kursk ise gruptaki ilk 3 ma\u00e7\u0131nda [&hellip;]<\/p>\n","protected":false},"author":1,"featured_media":8982,"comment_status":"closed","ping_status":"closed","sticky":false,"template":"","format":"standard","meta":{"jnews-multi-image_gallery":[],"jnews_single_post":{"subtitle":"Fenerbah\u00e7e Kad\u0131n Basketbol Tak\u0131m\u0131m\u0131z, EuroLeague d\u00f6rd\u00fcnc\u00fc hafta ma\u00e7\u0131nda Rusya ekibi Dynamo Kursk ile deplasmanda m\u00fccadele edecek.","format":"standard","video":"","gallery":"","source_name":"","source_url":"","via_name":"","via_url":"","override":[{"single_blog_custom":"","sidebar":"","second_sidebar":"","share_position":"","share_float_style":"","post_date_format":"","post_date_format_custom":"","post_reading_time_wpm":"","zoom_button_out_step":"1","zoom_button_in_step":"1","number_popup_post":"1"}],"image_override":[{"single_post_thumbnail_size":"","single_post_gallery_size":""}],"trending_post_position":"","trending_post_label":""},"jnews_primary_category":{"id":"5"},"jnews_social_meta":{"fb_title":"","fb_description":"","fb_image":"","twitter_title":"","twitter_description":"","twitter_image":""},"jnews_override_counter":{"view_counter_number":"0","share_counter_number":"0","like_counter_number":"0","dislike_counter_number":"0"},"footnotes":""},"categories":[5,2,7],"tags":[24,70,23],"class_list":["post-8981","post","type-post","status-publish","format-standard","has-post-thumbnail","hentry","category-basketbol","category-haberler","category-kadin-basketbol","tag-basketbol","tag-euroleaguewomen","tag-fenerbahce"],"amp_enabled":true,"_links":{"self":[{"href":"https:\/\/www.fener.org\/index.php\/wp-json\/wp\/v2\/posts\/8981","targetHints":{"allow":["GET"]}}],"collection":[{"href":"https:\/\/www.fener.org\/index.php\/wp-json\/wp\/v2\/posts"}],"about":[{"href":"https:\/\/www.fener.org\/index.php\/wp-json\/wp\/v2\/types\/post"}],"author":[{"embeddable":true,"href":"https:\/\/www.fener.org\/index.php\/wp-json\/wp\/v2\/users\/1"}],"replies":[{"embeddable":true,"href":"https:\/\/www.fener.org\/index.php\/wp-json\/wp\/v2\/comments?post=8981"}],"version-history":[{"count":1,"href":"https:\/\/www.fener.org\/index.php\/wp-json\/wp\/v2\/posts\/8981\/revisions"}],"predecessor-version":[{"id":8983,"href":"https:\/\/www.fener.org\/index.php\/wp-json\/wp\/v2\/posts\/8981\/revisions\/8983"}],"wp:featuredmedia":[{"embeddable":true,"href":"https:\/\/www.fener.org\/index.php\/wp-json\/wp\/v2\/media\/8982"}],"wp:attachment":[{"href":"https:\/\/www.fener.org\/index.php\/wp-json\/wp\/v2\/media?parent=8981"}],"wp:term":[{"taxonomy":"category","embeddable":true,"href":"https:\/\/www.fener.org\/index.php\/wp-json\/wp\/v2\/categories?post=8981"},{"taxonomy":"post_tag","embeddable":true,"href":"https:\/\/www.fener.org\/index.php\/wp-json\/wp\/v2\/tags?post=8981"}],"curies":[{"name":"wp","href":"https:\/\/api.w.org\/{rel}","templated":true}]}}