{"id":8943,"date":"2019-11-02T21:25:47","date_gmt":"2019-11-02T18:25:47","guid":{"rendered":"https:\/\/www.fener.org\/?p=8943"},"modified":"2019-11-02T21:25:50","modified_gmt":"2019-11-02T18:25:50","slug":"fenerbahce-kayseride-2","status":"publish","type":"post","link":"https:\/\/www.fener.org\/index.php\/2019\/11\/02\/fenerbahce-kayseride-2\/","title":{"rendered":"Fenerbah\u00e7e Kayseri\u2019de"},"content":{"rendered":"\n<p>Haz\u0131rl\u0131klar\u0131n\u0131n \u0130stanbul etab\u0131n\u0131 tamamlad\u0131ktan sonra ak\u015fam saatlerinde Sabiha G\u00f6k\u00e7en Havaliman\u0131&#8217;ndan kalkan \u00f6zel u\u00e7akla Kayseri\u2019ye hareket eden kafilemiz, yakla\u015f\u0131k 1 saatlik hava yolculu\u011funun ard\u0131ndan bu kente ula\u015ft\u0131. Kafilede Y\u00f6netim Kurulu \u00dcyemiz Mustafa Kemal Danaba\u015f da yer ald\u0131.<\/p>\n\n\n\n<p>Kafilemizi havaalan\u0131nda co\u015fkuyla kar\u015f\u0131layan taraftarlar\u0131m\u0131z; me\u015faleler yakt\u0131 ve Fenerbah\u00e7emiz lehine tezah\u00fcratlar yapt\u0131.<\/p>\n\n\n\n<p>Ard\u0131ndan kamp yapaca\u011f\u0131 otele ge\u00e7en tak\u0131m\u0131m\u0131z, ma\u00e7 saatini beklemeye ba\u015flad\u0131.<\/p>\n","protected":false},"excerpt":{"rendered":"<p>Haz\u0131rl\u0131klar\u0131n\u0131n \u0130stanbul etab\u0131n\u0131 tamamlad\u0131ktan sonra ak\u015fam saatlerinde Sabiha G\u00f6k\u00e7en Havaliman\u0131&#8217;ndan kalkan \u00f6zel u\u00e7akla Kayseri\u2019ye hareket eden kafilemiz, yakla\u015f\u0131k 1 saatlik hava yolculu\u011funun ard\u0131ndan bu kente ula\u015ft\u0131. Kafilede Y\u00f6netim Kurulu \u00dcyemiz Mustafa Kemal Danaba\u015f da yer ald\u0131. Kafilemizi havaalan\u0131nda co\u015fkuyla kar\u015f\u0131layan taraftarlar\u0131m\u0131z; me\u015faleler yakt\u0131 ve Fenerbah\u00e7emiz lehine tezah\u00fcratlar yapt\u0131. Ard\u0131ndan kamp yapaca\u011f\u0131 otele ge\u00e7en tak\u0131m\u0131m\u0131z, ma\u00e7 [&hellip;]<\/p>\n","protected":false},"author":1,"featured_media":8945,"comment_status":"closed","ping_status":"closed","sticky":false,"template":"","format":"standard","meta":{"jnews-multi-image_gallery":[],"jnews_single_post":{"subtitle":"S\u00fcper Lig\u2019in 10. haftas\u0131nda yar\u0131n deplasmanda \u0130stikbal Mobilya Kayserispor ile kar\u015f\u0131la\u015facak olan Fenerbah\u00e7emiz, Kayseri'de co\u015fkuyla kar\u015f\u0131land\u0131.","format":"standard","video":"","gallery":"","source_name":"","source_url":"","via_name":"","via_url":"","override":[{"single_blog_custom":"","sidebar":"","second_sidebar":"","share_position":"","share_float_style":"","post_date_format":"","post_date_format_custom":"","post_reading_time_wpm":"","zoom_button_out_step":"1","zoom_button_in_step":"1","number_popup_post":"1"}],"image_override":[{"single_post_thumbnail_size":"","single_post_gallery_size":""}],"trending_post_position":"","trending_post_label":""},"jnews_primary_category":{"id":"4"},"jnews_social_meta":{"fb_title":"","fb_description":"","fb_image":"","twitter_title":"","twitter_description":"","twitter_image":""},"jnews_override_counter":{"view_counter_number":"0","share_counter_number":"0","like_counter_number":"0","dislike_counter_number":"0"},"footnotes":""},"categories":[4,2,47],"tags":[23,54],"class_list":["post-8943","post","type-post","status-publish","format-standard","has-post-thumbnail","hentry","category-futbol","category-haberler","category-profesyonel-a-futbol-takimi","tag-fenerbahce","tag-futbol"],"amp_enabled":true,"_links":{"self":[{"href":"https:\/\/www.fener.org\/index.php\/wp-json\/wp\/v2\/posts\/8943","targetHints":{"allow":["GET"]}}],"collection":[{"href":"https:\/\/www.fener.org\/index.php\/wp-json\/wp\/v2\/posts"}],"about":[{"href":"https:\/\/www.fener.org\/index.php\/wp-json\/wp\/v2\/types\/post"}],"author":[{"embeddable":true,"href":"https:\/\/www.fener.org\/index.php\/wp-json\/wp\/v2\/users\/1"}],"replies":[{"embeddable":true,"href":"https:\/\/www.fener.org\/index.php\/wp-json\/wp\/v2\/comments?post=8943"}],"version-history":[{"count":1,"href":"https:\/\/www.fener.org\/index.php\/wp-json\/wp\/v2\/posts\/8943\/revisions"}],"predecessor-version":[{"id":8944,"href":"https:\/\/www.fener.org\/index.php\/wp-json\/wp\/v2\/posts\/8943\/revisions\/8944"}],"wp:featuredmedia":[{"embeddable":true,"href":"https:\/\/www.fener.org\/index.php\/wp-json\/wp\/v2\/media\/8945"}],"wp:attachment":[{"href":"https:\/\/www.fener.org\/index.php\/wp-json\/wp\/v2\/media?parent=8943"}],"wp:term":[{"taxonomy":"category","embeddable":true,"href":"https:\/\/www.fener.org\/index.php\/wp-json\/wp\/v2\/categories?post=8943"},{"taxonomy":"post_tag","embeddable":true,"href":"https:\/\/www.fener.org\/index.php\/wp-json\/wp\/v2\/tags?post=8943"}],"curies":[{"name":"wp","href":"https:\/\/api.w.org\/{rel}","templated":true}]}}