{"id":8917,"date":"2019-10-31T09:56:59","date_gmt":"2019-10-31T06:56:59","guid":{"rendered":"https:\/\/www.fener.org\/?p=8917"},"modified":"2019-10-31T09:57:02","modified_gmt":"2019-10-31T06:57:02","slug":"zeljko-obradovic-bu-zorluktan-cikmamiz-gerekiyor","status":"publish","type":"post","link":"https:\/\/www.fener.org\/index.php\/2019\/10\/31\/zeljko-obradovic-bu-zorluktan-cikmamiz-gerekiyor\/","title":{"rendered":"Zeljko Obradovic: Bu zorluktan \u00e7\u0131kmam\u0131z gerekiyor"},"content":{"rendered":"\n<p>Zorluktan \u00e7\u0131kmalar\u0131 gerekti\u011fini ifade eden Obradovic, taraftarlar\u0131m\u0131z\u0131n deste\u011fine ihtiya\u00e7lar\u0131 oldu\u011funu vurgulayarak \u015funlar\u0131 s\u00f6yledi:<\/p>\n\n\n\n<blockquote class=\"wp-block-quote is-layout-flow wp-block-quote-is-layout-flow\"><p>\u201c\u00c7ok k\u00f6t\u00fc oynad\u0131k. Hem Euroleague ad\u0131na hem de herhangi bir organizasyon ad\u0131na olmam\u0131z gereken seviyede de\u011filiz. B\u00f6yle olunca da ilk ve tek sorumluluk antren\u00f6rdedir. \u0130kinci yar\u0131da biraz reaksiyon oldu ama ileriye y\u00f6nelik bize \u00f6zg\u00fcven vermesi m\u00fcmk\u00fcn de\u011fil. Oyuncular\u0131m formda de\u011fil ve bunu toparlamak benim ve ekibin g\u00f6revi. Elimizden geleni yapaca\u011f\u0131z. \u00d6n\u00fcm\u00fczde evimizde oynayaca\u011f\u0131m\u0131z 4 ma\u00e7\u0131m\u0131z var. Toparlanmak ad\u0131na iyi bir zaman olacak. \u0130n\u015fallah taraftarlar\u0131m\u0131zdan da destek gelir. 7 y\u0131l boyunca g\u00f6revimde b\u00f6yle bir \u015fey ya\u015famad\u0131m. Umar\u0131m en k\u0131sa zamanda bu durumdan \u00e7\u0131kar\u0131z. Kimse i\u00e7in kolay de\u011fil, dinlenemiyorlar. Birlik olmaya ve taraftarlar\u0131m\u0131z\u0131n deste\u011fine ihtiyac\u0131m\u0131z var. Her zaman oldu\u011fu gibi bu zorluktan \u00e7\u0131kmam\u0131z gerekiyor.\u201d<\/p><\/blockquote>\n","protected":false},"excerpt":{"rendered":"<p>Zorluktan \u00e7\u0131kmalar\u0131 gerekti\u011fini ifade eden Obradovic, taraftarlar\u0131m\u0131z\u0131n deste\u011fine ihtiya\u00e7lar\u0131 oldu\u011funu vurgulayarak \u015funlar\u0131 s\u00f6yledi: \u201c\u00c7ok k\u00f6t\u00fc oynad\u0131k. Hem Euroleague ad\u0131na hem de herhangi bir organizasyon ad\u0131na olmam\u0131z gereken seviyede de\u011filiz. B\u00f6yle olunca da ilk ve tek sorumluluk antren\u00f6rdedir. \u0130kinci yar\u0131da biraz reaksiyon oldu ama ileriye y\u00f6nelik bize \u00f6zg\u00fcven vermesi m\u00fcmk\u00fcn de\u011fil. Oyuncular\u0131m formda de\u011fil ve bunu [&hellip;]<\/p>\n","protected":false},"author":1,"featured_media":8920,"comment_status":"closed","ping_status":"closed","sticky":false,"template":"","format":"standard","meta":{"jnews-multi-image_gallery":[],"jnews_single_post":{"subtitle":"Fenerbah\u00e7e Erkek Basketbol Tak\u0131m\u0131m\u0131z\u0131n Ba\u015fantren\u00f6r\u00fc Zeljko Obradovic, Maccabi Tel Aviv kar\u015f\u0131la\u015fmas\u0131n\u0131n ard\u0131ndan FB TV'ye a\u00e7\u0131klamalarda bulundu.","format":"standard","video":"","gallery":"","source_name":"","source_url":"","via_name":"","via_url":"","override":[{"single_blog_custom":"","sidebar":"","second_sidebar":"","share_position":"","share_float_style":"","post_date_format":"","post_date_format_custom":"","post_reading_time_wpm":"","zoom_button_out_step":"1","zoom_button_in_step":"1","number_popup_post":"1"}],"image_override":[{"single_post_thumbnail_size":"","single_post_gallery_size":""}],"trending_post_position":"","trending_post_label":""},"jnews_primary_category":{"id":"5"},"jnews_social_meta":{"fb_title":"","fb_description":"","fb_image":"","twitter_title":"","twitter_description":"","twitter_image":""},"jnews_override_counter":{"view_counter_number":"0","share_counter_number":"0","like_counter_number":"0","dislike_counter_number":"0"},"footnotes":""},"categories":[5,6,2],"tags":[24,23,75],"class_list":["post-8917","post","type-post","status-publish","format-standard","has-post-thumbnail","hentry","category-basketbol","category-erkek-basketbol","category-haberler","tag-basketbol","tag-fenerbahce","tag-zeljkoobradovic"],"amp_enabled":true,"_links":{"self":[{"href":"https:\/\/www.fener.org\/index.php\/wp-json\/wp\/v2\/posts\/8917","targetHints":{"allow":["GET"]}}],"collection":[{"href":"https:\/\/www.fener.org\/index.php\/wp-json\/wp\/v2\/posts"}],"about":[{"href":"https:\/\/www.fener.org\/index.php\/wp-json\/wp\/v2\/types\/post"}],"author":[{"embeddable":true,"href":"https:\/\/www.fener.org\/index.php\/wp-json\/wp\/v2\/users\/1"}],"replies":[{"embeddable":true,"href":"https:\/\/www.fener.org\/index.php\/wp-json\/wp\/v2\/comments?post=8917"}],"version-history":[{"count":1,"href":"https:\/\/www.fener.org\/index.php\/wp-json\/wp\/v2\/posts\/8917\/revisions"}],"predecessor-version":[{"id":8919,"href":"https:\/\/www.fener.org\/index.php\/wp-json\/wp\/v2\/posts\/8917\/revisions\/8919"}],"wp:featuredmedia":[{"embeddable":true,"href":"https:\/\/www.fener.org\/index.php\/wp-json\/wp\/v2\/media\/8920"}],"wp:attachment":[{"href":"https:\/\/www.fener.org\/index.php\/wp-json\/wp\/v2\/media?parent=8917"}],"wp:term":[{"taxonomy":"category","embeddable":true,"href":"https:\/\/www.fener.org\/index.php\/wp-json\/wp\/v2\/categories?post=8917"},{"taxonomy":"post_tag","embeddable":true,"href":"https:\/\/www.fener.org\/index.php\/wp-json\/wp\/v2\/tags?post=8917"}],"curies":[{"name":"wp","href":"https:\/\/api.w.org\/{rel}","templated":true}]}}