{"id":8862,"date":"2019-10-26T21:50:03","date_gmt":"2019-10-26T18:50:03","guid":{"rendered":"https:\/\/www.fener.org\/?p=8862"},"modified":"2019-10-27T05:25:16","modified_gmt":"2019-10-27T02:25:16","slug":"fenerbahce-5-1-konyaspor","status":"publish","type":"post","link":"https:\/\/www.fener.org\/index.php\/2019\/10\/26\/fenerbahce-5-1-konyaspor\/","title":{"rendered":"Fenerbah\u00e7e 5-1 Konyaspor"},"content":{"rendered":"\n<p>Fenerbah\u00e7emiz, S\u00fcper Lig Cemil Usta Sezonu\u2019nun 9. haftas\u0131nda \u0130ttifak Holding Konyaspor ile kar\u015f\u0131 kar\u015f\u0131ya geldi. Fenerbah\u00e7emiz, \u00dclker Stadyumu Fenerbah\u00e7e \u015e\u00fckr\u00fc Saraco\u011flu Spor Kompleksi\u2019nde oynanan m\u00fccadeleyi 5-1 kazanarak puan\u0131n\u0131 17\u2019ye y\u00fckseltti.<\/p>\n\n\n\n<p>Tak\u0131m\u0131m\u0131z\u0131n gollerini; 11. dakikada Garry Rodrigues, 14. dakikada Zanka, 28. dakikada Ozan Tufan, 79. dakikada Luiz Gustavo ve 82. dakikada Vedat Muriqi kaydetti. \u0130ttifak Holding Konyaspor\u2019un tek gol\u00fc ise 16. dakikada Serdar Aziz(k.k)\u2019den geldi.<\/p>\n\n\n\n<p>Futbolcular\u0131m\u0131z sahaya, \u201cATAMIZIN \u0130Z\u0130NDE, CUMHUR\u0130YET\u2019\u0130N BEK\u00c7\u0130LER\u0130Y\u0130Z\u201d pankart\u0131yla \u00e7\u0131kt\u0131.<\/p>\n\n\n\n<p>Teknik Direkt\u00f6r\u00fcm\u00fcz Ersun Yanal, \u0130ttifak Holding Konyaspor kar\u015f\u0131s\u0131nda, son oynad\u0131klar\u0131 Yukatel Denizlispor ma\u00e7\u0131na g\u00f6re kadroda tek de\u011fi\u015fikli\u011fe gitti. Uzun s\u00fcredir sakatl\u0131\u011f\u0131 sebebiyle forma giyemeyen Victor Moses&#8217;\u0131 ilk 11&#8217;de sahaya s\u00fcren Yanal, Tolga Ci\u011ferci&#8217;yi ise yedek kul\u00fcbesine \u00e7ekti.<\/p>\n\n\n<p><strong>Ma\u00e7tan dakikalar:<\/strong><\/p>\n<p>6. dakikada Rodrigues&#8217;in soldan ceza sahas\u0131na girerek kale sahas\u0131na \u00e7evirdi\u011fi topa Muri\u00e7&#8217;in vuru\u015funda kaleci Ertu\u011frul Ta\u015fk\u0131ran&#8217;\u0131n kurtard\u0131\u011f\u0131 top dire\u011fe \u00e7arparak oyun alan\u0131na d\u00f6nd\u00fc.<\/p>\n<p>11. dakikada sol kanattan Emre Bel\u00f6zo\u011flu&#8217;yla yapt\u0131\u011f\u0131 verka\u00e7 sonucunda rakibinden de s\u0131yr\u0131lan Rodrigues, yakla\u015f\u0131k 30 metrede \u00e7ekti\u011fi sert \u015futla topu filelere g\u00f6nderdi: 1-0.<\/p>\n<p>14. dakikada korner organizasyonu sonras\u0131nda \u00e7al\u0131mlarla ceza sahas\u0131na soldan giren Moses, top kale sahas\u0131n\u0131n i\u00e7indeki Zanka&#8217;ya \u00e7\u0131kard\u0131. M\u00fcsait durumdaki Zanka&#8217;n\u0131n vuru\u015funda me\u015fin yuvarlak a\u011flarla bulu\u015ftu: 2-0.<\/p>\n<p>16. dakikada sa\u011f kanatta geli\u015fen konuk ekip ata\u011f\u0131nda Skubic, topu yerde ceza sahas\u0131na g\u00f6nderdi. Ters bir vuru\u015f yapan Fenerbah\u00e7eli oyuncu Serdar Aziz, me\u015fin yuvarla\u011f\u0131 kendi filelerine yollad\u0131: 2-1.<\/p>\n<p>28. dakikada Fenerbah\u00e7e 3. gol\u00fcn\u00fc att\u0131. Soldan ceza sahas\u0131na giren Rodrigues, pas\u0131n\u0131 ceza yay\u0131n\u0131n \u00fczerindeki Ozan Tufan&#8217;a \u00e7\u0131kard\u0131. Yerden d\u00fczg\u00fcn bir vuru\u015f yapan Ozan Tufan, topu kalecinin sa\u011f\u0131ndan direk dibinden filelere g\u00f6nderdi: 3-1.<\/p>\n<p>32. dakikada sar\u0131-lacivertlilerin sol kanattan geli\u015ftirdi\u011fi atakta Rodrigues, topu ceza sahas\u0131 i\u00e7indeki Muri\u00e7&#8217;e \u00e7\u0131kard\u0131. Muri\u00e7&#8217;in bekletmeden \u00e7ekti\u011fi \u015futta top az farkla \u00fcstten auta gitti.<\/p>\n<p>58. dakikada konuk ekipte Alper Uluda\u011f&#8217;\u0131n yakla\u015f\u0131k 30 metreden \u00e7ekti\u011fi sert \u015futta kaleci Altay Bay\u0131nd\u0131r, topu soluna uzanarak kurtard\u0131. Altay&#8217;dan d\u00f6nen topu Volkan F\u0131nd\u0131kl\u0131 i\u00e7eri \u00e7evirdi ancak Anicic, kale sahas\u0131 \u00f6n\u00fcnde me\u015fin yuvarla\u011fa dokunamad\u0131 ve savunma tehlikeyi uzakla\u015ft\u0131rd\u0131.<\/p>\n<p>78. dakikada \u0130ttifak Holding Konyaspor savunmadan \u00e7\u0131karken Gustavo, yapt\u0131\u011f\u0131 h\u00fccum presle topu Volkan F\u0131nd\u0131kl\u0131&#8217;dan kazand\u0131. Gustavo kazand\u0131\u011f\u0131 topla ceza sahas\u0131n\u0131n hemen \u00f6n\u00fcnden \u00e7ekti\u011fi plase \u015futla me\u015fin yuvarla\u011f\u0131 kalecinin solundan a\u011flara yollad\u0131: 4-1.<\/p>\n<p>83. dakikada Fenerbah\u00e7e, 5. gol\u00fc buldu. Vedat Muric&#8217;in ceza sahas\u0131 d\u0131\u015f\u0131ndan yapt\u0131\u011f\u0131 sert vuru\u015fta, me\u015fin yuvarlak filelerle bulu\u015ftu: 5-1.<\/p>\n<p>87. dakikada ceza sahas\u0131 i\u00e7inde Isla ve kaleci Altay Bay\u0131nd\u0131r&#8217;\u0131n \u00e7arp\u0131\u015fmas\u0131yla top kale sahas\u0131n\u0131n sol taraf\u0131nda Bajic&#8217;in \u00f6n\u00fcnde kald\u0131. Bo\u015f kale olmas\u0131na ra\u011fmen a\u00e7\u0131s\u0131 dar olan Bajic, topu yandan auta g\u00f6nderdi.<\/p>","protected":false},"excerpt":{"rendered":"<p>Fenerbah\u00e7emiz, S\u00fcper Lig Cemil Usta Sezonu\u2019nun 9. haftas\u0131nda \u0130ttifak Holding Konyaspor ile kar\u015f\u0131 kar\u015f\u0131ya geldi. Fenerbah\u00e7emiz, \u00dclker Stadyumu Fenerbah\u00e7e \u015e\u00fckr\u00fc Saraco\u011flu Spor Kompleksi\u2019nde oynanan m\u00fccadeleyi 5-1 kazanarak puan\u0131n\u0131 17\u2019ye y\u00fckseltti. Tak\u0131m\u0131m\u0131z\u0131n gollerini; 11. dakikada Garry Rodrigues, 14. dakikada Zanka, 28. dakikada Ozan Tufan, 79. dakikada Luiz Gustavo ve 82. dakikada Vedat Muriqi kaydetti. \u0130ttifak Holding [&hellip;]<\/p>\n","protected":false},"author":1,"featured_media":8867,"comment_status":"closed","ping_status":"closed","sticky":false,"template":"","format":"standard","meta":{"jnews-multi-image_gallery":[],"jnews_single_post":{"subtitle":"Fenerbah\u00e7e, S\u00fcper Lig 9. hafta m\u00fccadelesinde \u0130ttifak Holding Konyaspor ile oynad\u0131\u011f\u0131 m\u00fccadeleden galibiyetle ayr\u0131ld\u0131.","format":"standard","video":"","gallery":"","source_name":"","source_url":"","via_name":"","via_url":"","override":[{"single_blog_custom":"","sidebar":"","second_sidebar":"","share_position":"","share_float_style":"","post_date_format":"","post_date_format_custom":"","post_reading_time_wpm":"","zoom_button_out_step":"1","zoom_button_in_step":"1","number_popup_post":"1"}],"image_override":[{"single_post_thumbnail_size":"","single_post_gallery_size":""}],"trending_post_position":"","trending_post_label":""},"jnews_primary_category":{"id":"4"},"jnews_social_meta":{"fb_title":"","fb_description":"","fb_image":"","twitter_title":"","twitter_description":"","twitter_image":""},"jnews_override_counter":{"view_counter_number":"0","share_counter_number":"0","like_counter_number":"0","dislike_counter_number":"0"},"footnotes":""},"categories":[4,2,47],"tags":[23,54],"class_list":["post-8862","post","type-post","status-publish","format-standard","has-post-thumbnail","hentry","category-futbol","category-haberler","category-profesyonel-a-futbol-takimi","tag-fenerbahce","tag-futbol"],"amp_enabled":true,"_links":{"self":[{"href":"https:\/\/www.fener.org\/index.php\/wp-json\/wp\/v2\/posts\/8862","targetHints":{"allow":["GET"]}}],"collection":[{"href":"https:\/\/www.fener.org\/index.php\/wp-json\/wp\/v2\/posts"}],"about":[{"href":"https:\/\/www.fener.org\/index.php\/wp-json\/wp\/v2\/types\/post"}],"author":[{"embeddable":true,"href":"https:\/\/www.fener.org\/index.php\/wp-json\/wp\/v2\/users\/1"}],"replies":[{"embeddable":true,"href":"https:\/\/www.fener.org\/index.php\/wp-json\/wp\/v2\/comments?post=8862"}],"version-history":[{"count":2,"href":"https:\/\/www.fener.org\/index.php\/wp-json\/wp\/v2\/posts\/8862\/revisions"}],"predecessor-version":[{"id":8866,"href":"https:\/\/www.fener.org\/index.php\/wp-json\/wp\/v2\/posts\/8862\/revisions\/8866"}],"wp:featuredmedia":[{"embeddable":true,"href":"https:\/\/www.fener.org\/index.php\/wp-json\/wp\/v2\/media\/8867"}],"wp:attachment":[{"href":"https:\/\/www.fener.org\/index.php\/wp-json\/wp\/v2\/media?parent=8862"}],"wp:term":[{"taxonomy":"category","embeddable":true,"href":"https:\/\/www.fener.org\/index.php\/wp-json\/wp\/v2\/categories?post=8862"},{"taxonomy":"post_tag","embeddable":true,"href":"https:\/\/www.fener.org\/index.php\/wp-json\/wp\/v2\/tags?post=8862"}],"curies":[{"name":"wp","href":"https:\/\/api.w.org\/{rel}","templated":true}]}}