{"id":8857,"date":"2019-10-26T11:08:07","date_gmt":"2019-10-26T08:08:07","guid":{"rendered":"https:\/\/www.fener.org\/?p=8857"},"modified":"2019-10-26T11:08:10","modified_gmt":"2019-10-26T08:08:10","slug":"zeljko-obradovic-bugun-cok-kotu-oynadik","status":"publish","type":"post","link":"https:\/\/www.fener.org\/index.php\/2019\/10\/26\/zeljko-obradovic-bugun-cok-kotu-oynadik\/","title":{"rendered":"Zeljko Obradovic: Bug\u00fcn \u00e7ok k\u00f6t\u00fc oynad\u0131k"},"content":{"rendered":"\n<p>\u00c7ok iyi ve \u00e7ok s\u0131k\u0131 \u00e7al\u0131\u015fmalar\u0131na ra\u011fmen haz\u0131rland\u0131klar\u0131 gibi oynayamad\u0131klar\u0131n\u0131 ifade eden Obradovic \u015funlar\u0131 s\u00f6yledi:<\/p>\n\n\n\n<blockquote class=\"wp-block-quote is-layout-flow wp-block-quote-is-layout-flow\"><p>&#8220;Nerede oynad\u0131\u011f\u0131m\u0131z \u00f6nemli de\u011fil. Biz bir tak\u0131m\u0131z. Reaksiyon g\u00f6sterip iyi basketbol oynamam\u0131z gerekiyor. Herkes bizim nas\u0131l bir tak\u0131m oldu\u011fumuzu biliyor. Bug\u00fcn \u00e7ok k\u00f6t\u00fc oynad\u0131k. Neden oldu\u011funu anlamaya \u00e7al\u0131\u015f\u0131yorum ama ma\u00e7\u0131n ba\u015f\u0131ndan sonuna kadar haz\u0131rland\u0131\u011f\u0131m\u0131z gibi oynamad\u0131k. Bunun nedenini anlamad\u0131m. Sezona \u00e7ok zor ma\u00e7larla ba\u015flad\u0131\u011f\u0131m\u0131z konu\u015fuldu ama ma\u00e7tan \u00f6nce oyunculara dinlenme f\u0131rsat\u0131 verdim. \u00c7ok iyi ve \u00e7ok s\u0131k\u0131 \u00e7al\u0131\u015f\u0131yoruz. Ma\u00e7 i\u00e7erisinde neden b\u00f6yle bir tablo ya\u015f\u0131yoruz? Yeterince m\u00fccadele ettik mi? Haz\u0131rland\u0131\u011f\u0131m\u0131z gibi oynad\u0131k m\u0131? Son \u00e7eyrekte yaln\u0131zca 1 faul yapt\u0131k. Bunu kimse sorgulad\u0131 m\u0131? \u00c7ok fazla soru var. Bu benim tak\u0131m\u0131m. Kimseye bir \u015fey s\u00f6ylemek istemiyorum ama yolumuz b\u00f6yle olmamal\u0131. Bu \u015fekilde devam edersek de ger\u00e7ekten \u00e7ok zor olacak.&#8221;<\/p><\/blockquote>\n","protected":false},"excerpt":{"rendered":"<p>\u00c7ok iyi ve \u00e7ok s\u0131k\u0131 \u00e7al\u0131\u015fmalar\u0131na ra\u011fmen haz\u0131rland\u0131klar\u0131 gibi oynayamad\u0131klar\u0131n\u0131 ifade eden Obradovic \u015funlar\u0131 s\u00f6yledi: &#8220;Nerede oynad\u0131\u011f\u0131m\u0131z \u00f6nemli de\u011fil. Biz bir tak\u0131m\u0131z. Reaksiyon g\u00f6sterip iyi basketbol oynamam\u0131z gerekiyor. Herkes bizim nas\u0131l bir tak\u0131m oldu\u011fumuzu biliyor. Bug\u00fcn \u00e7ok k\u00f6t\u00fc oynad\u0131k. Neden oldu\u011funu anlamaya \u00e7al\u0131\u015f\u0131yorum ama ma\u00e7\u0131n ba\u015f\u0131ndan sonuna kadar haz\u0131rland\u0131\u011f\u0131m\u0131z gibi oynamad\u0131k. Bunun nedenini anlamad\u0131m. Sezona [&hellip;]<\/p>\n","protected":false},"author":1,"featured_media":7113,"comment_status":"closed","ping_status":"closed","sticky":false,"template":"","format":"standard","meta":{"jnews-multi-image_gallery":[],"jnews_single_post":{"subtitle":"Fenerbah\u00e7e Erkek Basketbol Tak\u0131m\u0131m\u0131z\u0131n Ba\u015fantren\u00f6r\u00fc Zeljko Obradovic, Armani Milan ma\u00e7\u0131 sonras\u0131 Fenerbah\u00e7e Televizyonu\u2019na a\u00e7\u0131klamalarda bulundu.","format":"standard","video":"","gallery":"","source_name":"","source_url":"","via_name":"","via_url":"","override":[{"single_blog_custom":"","sidebar":"","second_sidebar":"","share_position":"","share_float_style":"","post_date_format":"","post_date_format_custom":"","post_reading_time_wpm":"","zoom_button_out_step":"1","zoom_button_in_step":"1","number_popup_post":"1"}],"image_override":[{"single_post_thumbnail_size":"","single_post_gallery_size":""}],"trending_post_position":"","trending_post_label":""},"jnews_primary_category":{"id":"5"},"jnews_social_meta":{"fb_title":"","fb_description":"","fb_image":"","twitter_title":"","twitter_description":"","twitter_image":""},"jnews_override_counter":{"view_counter_number":"0","share_counter_number":"0","like_counter_number":"0","dislike_counter_number":"0"},"footnotes":""},"categories":[5,6,2],"tags":[24,23,75],"class_list":["post-8857","post","type-post","status-publish","format-standard","has-post-thumbnail","hentry","category-basketbol","category-erkek-basketbol","category-haberler","tag-basketbol","tag-fenerbahce","tag-zeljkoobradovic"],"amp_enabled":true,"_links":{"self":[{"href":"https:\/\/www.fener.org\/index.php\/wp-json\/wp\/v2\/posts\/8857","targetHints":{"allow":["GET"]}}],"collection":[{"href":"https:\/\/www.fener.org\/index.php\/wp-json\/wp\/v2\/posts"}],"about":[{"href":"https:\/\/www.fener.org\/index.php\/wp-json\/wp\/v2\/types\/post"}],"author":[{"embeddable":true,"href":"https:\/\/www.fener.org\/index.php\/wp-json\/wp\/v2\/users\/1"}],"replies":[{"embeddable":true,"href":"https:\/\/www.fener.org\/index.php\/wp-json\/wp\/v2\/comments?post=8857"}],"version-history":[{"count":1,"href":"https:\/\/www.fener.org\/index.php\/wp-json\/wp\/v2\/posts\/8857\/revisions"}],"predecessor-version":[{"id":8858,"href":"https:\/\/www.fener.org\/index.php\/wp-json\/wp\/v2\/posts\/8857\/revisions\/8858"}],"wp:featuredmedia":[{"embeddable":true,"href":"https:\/\/www.fener.org\/index.php\/wp-json\/wp\/v2\/media\/7113"}],"wp:attachment":[{"href":"https:\/\/www.fener.org\/index.php\/wp-json\/wp\/v2\/media?parent=8857"}],"wp:term":[{"taxonomy":"category","embeddable":true,"href":"https:\/\/www.fener.org\/index.php\/wp-json\/wp\/v2\/categories?post=8857"},{"taxonomy":"post_tag","embeddable":true,"href":"https:\/\/www.fener.org\/index.php\/wp-json\/wp\/v2\/tags?post=8857"}],"curies":[{"name":"wp","href":"https:\/\/api.w.org\/{rel}","templated":true}]}}