{"id":8733,"date":"2019-10-13T09:42:49","date_gmt":"2019-10-13T06:42:49","guid":{"rendered":"https:\/\/www.fener.org\/?p=8733"},"modified":"2019-10-13T09:42:53","modified_gmt":"2019-10-13T06:42:53","slug":"zeljko-obradovic-oyuncularimi-tebrik-ederim","status":"publish","type":"post","link":"https:\/\/www.fener.org\/index.php\/2019\/10\/13\/zeljko-obradovic-oyuncularimi-tebrik-ederim\/","title":{"rendered":"Zeljko Obradovic: Oyuncular\u0131m\u0131 tebrik ederim"},"content":{"rendered":"\n<p>Tak\u0131m\u0131n g\u00f6sterdi\u011fi reaksiyondan memnun oldu\u011funu ifade eden Obradovic \u015funlar\u0131 s\u00f6yledi:<\/p>\n\n\n\n<blockquote class=\"wp-block-quote is-layout-flow wp-block-quote-is-layout-flow\"><p>\u201cBelgrad\u2019da oynad\u0131\u011f\u0131m\u0131z \u00e7ok k\u00f6t\u00fc bir ma\u00e7\u0131n ard\u0131ndan tak\u0131m\u0131m\u0131n g\u00f6sterdi\u011fi reaksiyondan memnunum. Bu ma\u00e7\u0131n bize, ilerleyen d\u00f6nemde daha \u00e7ok \u00e7al\u0131\u015fabilmemiz ve neler yapmam\u0131z gerekti\u011fini anlayabilmemiz i\u00e7in katk\u0131 sa\u011flayaca\u011f\u0131n\u0131 d\u00fc\u015f\u00fcn\u00fcyorum. Oyuncular\u0131m\u0131 tebrik ederim. \u015eimdi \u00f6n\u00fcm\u00fczde \u00f6nemli bir hafta var. Baz\u0131 \u015feyleri iyile\u015ftirmeli ve uygulayabilmeli, bu sayede de kendi evimizdeki ilk EuroLeague ma\u00e7\u0131na haz\u0131r olabilmeliyiz.\u201d<\/p><\/blockquote>\n","protected":false},"excerpt":{"rendered":"<p>Tak\u0131m\u0131n g\u00f6sterdi\u011fi reaksiyondan memnun oldu\u011funu ifade eden Obradovic \u015funlar\u0131 s\u00f6yledi: \u201cBelgrad\u2019da oynad\u0131\u011f\u0131m\u0131z \u00e7ok k\u00f6t\u00fc bir ma\u00e7\u0131n ard\u0131ndan tak\u0131m\u0131m\u0131n g\u00f6sterdi\u011fi reaksiyondan memnunum. Bu ma\u00e7\u0131n bize, ilerleyen d\u00f6nemde daha \u00e7ok \u00e7al\u0131\u015fabilmemiz ve neler yapmam\u0131z gerekti\u011fini anlayabilmemiz i\u00e7in katk\u0131 sa\u011flayaca\u011f\u0131n\u0131 d\u00fc\u015f\u00fcn\u00fcyorum. Oyuncular\u0131m\u0131 tebrik ederim. \u015eimdi \u00f6n\u00fcm\u00fczde \u00f6nemli bir hafta var. Baz\u0131 \u015feyleri iyile\u015ftirmeli ve uygulayabilmeli, bu sayede de [&hellip;]<\/p>\n","protected":false},"author":1,"featured_media":8734,"comment_status":"closed","ping_status":"closed","sticky":false,"template":"","format":"standard","meta":{"jnews-multi-image_gallery":[],"jnews_single_post":{"subtitle":"Ba\u015fantren\u00f6r\u00fcm\u00fcz Zeljko Obradovic, tak\u0131m\u0131m\u0131z\u0131n T\u00fcrk Telekom kar\u015f\u0131s\u0131nda ald\u0131\u011f\u0131 galibiyetin ard\u0131ndan a\u00e7\u0131klamalarda bulundu.","format":"standard","video":"","gallery":"","source_name":"","source_url":"","via_name":"","via_url":"","override":[{"single_blog_custom":"","sidebar":"","second_sidebar":"","share_position":"","share_float_style":"","post_date_format":"","post_date_format_custom":"","post_reading_time_wpm":"","zoom_button_out_step":"1","zoom_button_in_step":"1","number_popup_post":"1"}],"image_override":[{"single_post_thumbnail_size":"","single_post_gallery_size":""}],"trending_post_position":"","trending_post_label":""},"jnews_primary_category":{"id":"5"},"jnews_social_meta":{"fb_title":"","fb_description":"","fb_image":"","twitter_title":"","twitter_description":"","twitter_image":""},"jnews_override_counter":{"view_counter_number":"0","share_counter_number":"0","like_counter_number":"0","dislike_counter_number":"0"},"footnotes":""},"categories":[5,6,2],"tags":[24,23],"class_list":["post-8733","post","type-post","status-publish","format-standard","has-post-thumbnail","hentry","category-basketbol","category-erkek-basketbol","category-haberler","tag-basketbol","tag-fenerbahce"],"amp_enabled":true,"_links":{"self":[{"href":"https:\/\/www.fener.org\/index.php\/wp-json\/wp\/v2\/posts\/8733","targetHints":{"allow":["GET"]}}],"collection":[{"href":"https:\/\/www.fener.org\/index.php\/wp-json\/wp\/v2\/posts"}],"about":[{"href":"https:\/\/www.fener.org\/index.php\/wp-json\/wp\/v2\/types\/post"}],"author":[{"embeddable":true,"href":"https:\/\/www.fener.org\/index.php\/wp-json\/wp\/v2\/users\/1"}],"replies":[{"embeddable":true,"href":"https:\/\/www.fener.org\/index.php\/wp-json\/wp\/v2\/comments?post=8733"}],"version-history":[{"count":1,"href":"https:\/\/www.fener.org\/index.php\/wp-json\/wp\/v2\/posts\/8733\/revisions"}],"predecessor-version":[{"id":8735,"href":"https:\/\/www.fener.org\/index.php\/wp-json\/wp\/v2\/posts\/8733\/revisions\/8735"}],"wp:featuredmedia":[{"embeddable":true,"href":"https:\/\/www.fener.org\/index.php\/wp-json\/wp\/v2\/media\/8734"}],"wp:attachment":[{"href":"https:\/\/www.fener.org\/index.php\/wp-json\/wp\/v2\/media?parent=8733"}],"wp:term":[{"taxonomy":"category","embeddable":true,"href":"https:\/\/www.fener.org\/index.php\/wp-json\/wp\/v2\/categories?post=8733"},{"taxonomy":"post_tag","embeddable":true,"href":"https:\/\/www.fener.org\/index.php\/wp-json\/wp\/v2\/tags?post=8733"}],"curies":[{"name":"wp","href":"https:\/\/api.w.org\/{rel}","templated":true}]}}