{"id":8663,"date":"2019-10-04T09:22:55","date_gmt":"2019-10-04T06:22:55","guid":{"rendered":"https:\/\/www.fener.org\/?p=8663"},"modified":"2019-10-04T09:22:58","modified_gmt":"2019-10-04T06:22:58","slug":"zeljko-obradovic-yeterince-konsantre-degildik","status":"publish","type":"post","link":"https:\/\/www.fener.org\/index.php\/2019\/10\/04\/zeljko-obradovic-yeterince-konsantre-degildik\/","title":{"rendered":"Zeljko Obradovic: Yeterince konsantre de\u011fildik"},"content":{"rendered":"\n<p>\u00d6ncelikle kar\u015f\u0131la\u015fmaya k\u00f6t\u00fc ba\u015flad\u0131klar\u0131na dikkat \u00e7eken Obradovic, ma\u00e7la ilgili de\u011ferlendirmesinde \u015funlar\u0131 s\u00f6yledi:<\/p>\n\n\n\n<blockquote class=\"wp-block-quote is-layout-flow wp-block-quote-is-layout-flow\"><p>\u201cMa\u00e7a yeterince konsantre de\u011fildik. En \u00f6nemli noktalardan biri de top kay\u0131plar\u0131yd\u0131. Devam\u0131nda sezonun daha ba\u015f\u0131 olmas\u0131 sebebiyle ba\u015fka problemler de oldu. Tak\u0131ma yeni gelen oyuncular\u0131n adaptasyonlar\u0131, sakatl\u0131klar\u0131 devam eden oyuncular vs. Ayn\u0131 zamanda iki pozisyon vard\u0131 ma\u00e7 i\u00e7inde kar\u015f\u0131la\u015fman\u0131n karar\u0131n\u0131 etkileyen.\u201d<\/p><\/blockquote>\n\n\n\n<p>40 dakika boyunca sahada kalan oyuncumuz Derrick Williams da ma\u00e7 sonras\u0131 FB TV&#8217;ye a\u00e7\u0131klamalarda bulundu. Ba\u015far\u0131l\u0131 oyuncumuz \u015funlar\u0131 s\u00f6yledi:<\/p>\n\n\n\n<blockquote class=\"wp-block-quote is-layout-flow wp-block-quote-is-layout-flow\"><p>&#8220;Zor ma\u00e7t\u0131 ama elimizden geleni yapt\u0131k. Jan Vesely ile Joffrey d\u00f6nd\u00fc\u011f\u00fcnde her \u015fey daha kolay olacak. Ko\u00e7 40 dakika oynamam\u0131 istiyorsa, o ne derse ben onu yapmaya haz\u0131r\u0131m.  Zaten sezon \u00f6ncesi kendimi buna g\u00f6re haz\u0131rlam\u0131\u015ft\u0131m.&#8221;<\/p><\/blockquote>\n","protected":false},"excerpt":{"rendered":"<p>\u00d6ncelikle kar\u015f\u0131la\u015fmaya k\u00f6t\u00fc ba\u015flad\u0131klar\u0131na dikkat \u00e7eken Obradovic, ma\u00e7la ilgili de\u011ferlendirmesinde \u015funlar\u0131 s\u00f6yledi: \u201cMa\u00e7a yeterince konsantre de\u011fildik. En \u00f6nemli noktalardan biri de top kay\u0131plar\u0131yd\u0131. Devam\u0131nda sezonun daha ba\u015f\u0131 olmas\u0131 sebebiyle ba\u015fka problemler de oldu. Tak\u0131ma yeni gelen oyuncular\u0131n adaptasyonlar\u0131, sakatl\u0131klar\u0131 devam eden oyuncular vs. Ayn\u0131 zamanda iki pozisyon vard\u0131 ma\u00e7 i\u00e7inde kar\u015f\u0131la\u015fman\u0131n karar\u0131n\u0131 etkileyen.\u201d 40 dakika [&hellip;]<\/p>\n","protected":false},"author":1,"featured_media":8664,"comment_status":"closed","ping_status":"closed","sticky":false,"template":"","format":"standard","meta":{"jnews-multi-image_gallery":[],"jnews_single_post":{"subtitle":"Fenerbah\u00e7e Beko Basketbol Tak\u0131m\u0131m\u0131z\u0131n Ba\u015fantren\u00f6r\u00fc Zeljko Obradovic, Real Madrid ma\u00e7\u0131 sonras\u0131 Fenerbah\u00e7e Televizyonu\u2019na a\u00e7\u0131klamalarda bulundu.","format":"standard","video":"","gallery":"","source_name":"","source_url":"","via_name":"","via_url":"","override":[{"single_blog_custom":"","sidebar":"","second_sidebar":"","share_position":"","share_float_style":"","post_date_format":"","post_date_format_custom":"","post_reading_time_wpm":"","number_popup_post":"1"}],"image_override":[{"single_post_thumbnail_size":"","single_post_gallery_size":""}],"trending_post_position":"","trending_post_label":""},"jnews_primary_category":{"id":"5"},"jnews_social_meta":{"fb_title":"","fb_description":"","fb_image":"","twitter_title":"","twitter_description":"","twitter_image":""},"jnews_override_counter":{"view_counter_number":"0","share_counter_number":"0","like_counter_number":"0","dislike_counter_number":"0"},"footnotes":""},"categories":[5,6,2],"tags":[24,74,23],"class_list":["post-8663","post","type-post","status-publish","format-standard","has-post-thumbnail","hentry","category-basketbol","category-erkek-basketbol","category-haberler","tag-basketbol","tag-euroleague","tag-fenerbahce"],"amp_enabled":true,"_links":{"self":[{"href":"https:\/\/www.fener.org\/index.php\/wp-json\/wp\/v2\/posts\/8663","targetHints":{"allow":["GET"]}}],"collection":[{"href":"https:\/\/www.fener.org\/index.php\/wp-json\/wp\/v2\/posts"}],"about":[{"href":"https:\/\/www.fener.org\/index.php\/wp-json\/wp\/v2\/types\/post"}],"author":[{"embeddable":true,"href":"https:\/\/www.fener.org\/index.php\/wp-json\/wp\/v2\/users\/1"}],"replies":[{"embeddable":true,"href":"https:\/\/www.fener.org\/index.php\/wp-json\/wp\/v2\/comments?post=8663"}],"version-history":[{"count":1,"href":"https:\/\/www.fener.org\/index.php\/wp-json\/wp\/v2\/posts\/8663\/revisions"}],"predecessor-version":[{"id":8665,"href":"https:\/\/www.fener.org\/index.php\/wp-json\/wp\/v2\/posts\/8663\/revisions\/8665"}],"wp:featuredmedia":[{"embeddable":true,"href":"https:\/\/www.fener.org\/index.php\/wp-json\/wp\/v2\/media\/8664"}],"wp:attachment":[{"href":"https:\/\/www.fener.org\/index.php\/wp-json\/wp\/v2\/media?parent=8663"}],"wp:term":[{"taxonomy":"category","embeddable":true,"href":"https:\/\/www.fener.org\/index.php\/wp-json\/wp\/v2\/categories?post=8663"},{"taxonomy":"post_tag","embeddable":true,"href":"https:\/\/www.fener.org\/index.php\/wp-json\/wp\/v2\/tags?post=8663"}],"curies":[{"name":"wp","href":"https:\/\/api.w.org\/{rel}","templated":true}]}}