{"id":8540,"date":"2019-09-21T19:43:37","date_gmt":"2019-09-21T16:43:37","guid":{"rendered":"https:\/\/www.fener.org\/?p=8540"},"modified":"2019-09-21T19:43:42","modified_gmt":"2019-09-21T16:43:42","slug":"fenerbahce-mke-ankaragucu-macinin-kadrolari-belli-oldu","status":"publish","type":"post","link":"https:\/\/www.fener.org\/index.php\/2019\/09\/21\/fenerbahce-mke-ankaragucu-macinin-kadrolari-belli-oldu\/","title":{"rendered":"Fenerbah\u00e7e-MKE Ankarag\u00fcc\u00fc ma\u00e7\u0131n\u0131n kadrolar\u0131 belli oldu"},"content":{"rendered":"\n<p>Fenerbah\u00e7emiz, S\u00fcper Lig Cemil Usta Sezonu\u2019nun 5. haftas\u0131nda bug\u00fcn MKE Ankarag\u00fcc\u00fc&#8217;n\u00fc konuk ediyor. \u00dclker Stadyumu Fenerbah\u00e7e \u015e\u00fckr\u00fc Saraco\u011flu Spor Kompleksi\u2019nde oynanacak ve saat 20:00\u2019da ba\u015flayacak m\u00fccadeleyi Abdulkadir Bitigen y\u00f6netecek.<\/p>\n\n\n\n<p>Fenerbah\u00e7emiz sahaya \u015fu 11 ile \u00e7\u0131kacak:<br>Altay, Dirar, Zanka, Rami, Ozan, Tolga, Gustavo, Deniz, Rodrigues, Kruse, Muriqi<\/p>\n\n\n\n<p>Sar\u0131-lacivertli tak\u0131m\u0131m\u0131z\u0131n yedekleri ise \u015f\u00f6yle:<br>Harun, Emre, Tolgay, Mevl\u00fct, Serdar, Ferdi, Sad\u0131k, Zajc, Jailson, Alper<\/p>\n","protected":false},"excerpt":{"rendered":"<p>Fenerbah\u00e7emiz, S\u00fcper Lig Cemil Usta Sezonu\u2019nun 5. haftas\u0131nda bug\u00fcn MKE Ankarag\u00fcc\u00fc&#8217;n\u00fc konuk ediyor. \u00dclker Stadyumu Fenerbah\u00e7e \u015e\u00fckr\u00fc Saraco\u011flu Spor Kompleksi\u2019nde oynanacak ve saat 20:00\u2019da ba\u015flayacak m\u00fccadeleyi Abdulkadir Bitigen y\u00f6netecek. Fenerbah\u00e7emiz sahaya \u015fu 11 ile \u00e7\u0131kacak:Altay, Dirar, Zanka, Rami, Ozan, Tolga, Gustavo, Deniz, Rodrigues, Kruse, Muriqi Sar\u0131-lacivertli tak\u0131m\u0131m\u0131z\u0131n yedekleri ise \u015f\u00f6yle:Harun, Emre, Tolgay, Mevl\u00fct, Serdar, Ferdi, [&hellip;]<\/p>\n","protected":false},"author":1,"featured_media":8541,"comment_status":"closed","ping_status":"closed","sticky":false,"template":"","format":"standard","meta":{"jnews-multi-image_gallery":[],"jnews_single_post":{"subtitle":"","format":"standard","video":"","gallery":"","source_name":"","source_url":"","via_name":"","via_url":"","override":[{"single_blog_custom":"","sidebar":"","second_sidebar":"","share_position":"","share_float_style":"","post_date_format":"","post_date_format_custom":"","post_reading_time_wpm":"","number_popup_post":"1"}],"image_override":[{"single_post_thumbnail_size":"","single_post_gallery_size":""}],"trending_post_position":"","trending_post_label":""},"jnews_primary_category":{"id":"4"},"jnews_social_meta":{"fb_title":"","fb_description":"","fb_image":"","twitter_title":"","twitter_description":"","twitter_image":""},"jnews_override_counter":{"view_counter_number":"0","share_counter_number":"0","like_counter_number":"0","dislike_counter_number":"0"},"footnotes":""},"categories":[4,2,47],"tags":[23,62,54],"class_list":["post-8540","post","type-post","status-publish","format-standard","has-post-thumbnail","hentry","category-futbol","category-haberler","category-profesyonel-a-futbol-takimi","tag-fenerbahce","tag-fenerinmacivar","tag-futbol"],"amp_enabled":true,"_links":{"self":[{"href":"https:\/\/www.fener.org\/index.php\/wp-json\/wp\/v2\/posts\/8540","targetHints":{"allow":["GET"]}}],"collection":[{"href":"https:\/\/www.fener.org\/index.php\/wp-json\/wp\/v2\/posts"}],"about":[{"href":"https:\/\/www.fener.org\/index.php\/wp-json\/wp\/v2\/types\/post"}],"author":[{"embeddable":true,"href":"https:\/\/www.fener.org\/index.php\/wp-json\/wp\/v2\/users\/1"}],"replies":[{"embeddable":true,"href":"https:\/\/www.fener.org\/index.php\/wp-json\/wp\/v2\/comments?post=8540"}],"version-history":[{"count":1,"href":"https:\/\/www.fener.org\/index.php\/wp-json\/wp\/v2\/posts\/8540\/revisions"}],"predecessor-version":[{"id":8542,"href":"https:\/\/www.fener.org\/index.php\/wp-json\/wp\/v2\/posts\/8540\/revisions\/8542"}],"wp:featuredmedia":[{"embeddable":true,"href":"https:\/\/www.fener.org\/index.php\/wp-json\/wp\/v2\/media\/8541"}],"wp:attachment":[{"href":"https:\/\/www.fener.org\/index.php\/wp-json\/wp\/v2\/media?parent=8540"}],"wp:term":[{"taxonomy":"category","embeddable":true,"href":"https:\/\/www.fener.org\/index.php\/wp-json\/wp\/v2\/categories?post=8540"},{"taxonomy":"post_tag","embeddable":true,"href":"https:\/\/www.fener.org\/index.php\/wp-json\/wp\/v2\/tags?post=8540"}],"curies":[{"name":"wp","href":"https:\/\/api.w.org\/{rel}","templated":true}]}}