{"id":8490,"date":"2019-09-15T21:58:27","date_gmt":"2019-09-15T18:58:27","guid":{"rendered":"https:\/\/www.fener.org\/?p=8490"},"modified":"2019-09-15T21:58:31","modified_gmt":"2019-09-15T18:58:31","slug":"balkan-kurek-sampiyonasina-turkiye-damgasi","status":"publish","type":"post","link":"https:\/\/www.fener.org\/index.php\/2019\/09\/15\/balkan-kurek-sampiyonasina-turkiye-damgasi\/","title":{"rendered":"Balkan K\u00fcrek \u015eampiyonas\u0131&#8217;na T\u00fcrkiye damgas\u0131"},"content":{"rendered":"\n<p>Balkan K\u00fcrek \u015eampiyonas\u0131, 14-15 Eyl\u00fcl tarihlerinde S\u0131rbistan&#8217;\u0131n ba\u015fkenti Belgrad&#8217;da ger\u00e7ekle\u015ftirildi.<\/p>\n\n\n\n<p>Fenerbah\u00e7eli sporcular\u0131n da yer ald\u0131\u011f\u0131 Milli Tak\u0131m\u0131m\u0131z; organizasyonda 5 alt\u0131n, 6 g\u00fcm\u00fc\u015f ve 8 bronz olmak \u00fczere 19 madalya elde ederek \u015fampiyonaya damga vurdu. T\u00fcrkiye, ge\u00e7en y\u0131l oldu\u011fu gibi erkekler kategorisinde kupan\u0131n sahibi oldu.<\/p>\n\n\n\n<p>\u015eampiyonada alt\u0131n madalya alan milli ekipler ve kategorileri \u015f\u00f6yle:<\/p>\n\n\n\n<p>Y\u0131ld\u0131z erkekler iki \u00e7ifte: Serkan Erkal, Enver Erman<\/p>\n\n\n\n<p>Gen\u00e7 erkekler iki tek: Samet Kaban, Emir Sayg\u0131l\u0131<\/p>\n\n\n\n<p>Y\u0131ld\u0131z erkekler sekiz tek: Evren Mustafa A\u00e7ar, Kaan Y\u0131lmaz Ayd\u0131n, Ali Ard\u0131l \u0130lg\u00fcn, Altar Karabudak, Kerim K\u00f6r, O\u011fuzhan Erdem, Hakan Alaybeyo\u011flu, Ka\u011fan Alaybeyo\u011flu, \u00d6zg\u00fcr \u00d6rpek<\/p>\n\n\n\n<p>Y\u0131ld\u0131z erkekler d\u00f6rt tek: Ali Ard\u0131l \u0130lg\u00fcn, Altar Karabudak, Kerim K\u00f6r, O\u011fuzhan Erdem  <\/p>\n\n\n\n<p>Gen\u00e7 erkekler sekiz tek: Samet Kaban, Ula\u015f Kurt, Yunus Emre \u00c7egen, Cavit Caner Ba\u015faran, Mert Ali Da\u011fl\u0131, Emir Sayg\u0131l\u0131, \u0130lyas \u00c7a\u011fatay \u00dcrdem, O\u011fuz Okansu, Mehmet Karabalo\u011flu<\/p>\n","protected":false},"excerpt":{"rendered":"<p>Balkan K\u00fcrek \u015eampiyonas\u0131, 14-15 Eyl\u00fcl tarihlerinde S\u0131rbistan&#8217;\u0131n ba\u015fkenti Belgrad&#8217;da ger\u00e7ekle\u015ftirildi. Fenerbah\u00e7eli sporcular\u0131n da yer ald\u0131\u011f\u0131 Milli Tak\u0131m\u0131m\u0131z; organizasyonda 5 alt\u0131n, 6 g\u00fcm\u00fc\u015f ve 8 bronz olmak \u00fczere 19 madalya elde ederek \u015fampiyonaya damga vurdu. T\u00fcrkiye, ge\u00e7en y\u0131l oldu\u011fu gibi erkekler kategorisinde kupan\u0131n sahibi oldu. \u015eampiyonada alt\u0131n madalya alan milli ekipler ve kategorileri \u015f\u00f6yle: Y\u0131ld\u0131z erkekler [&hellip;]<\/p>\n","protected":false},"author":1,"featured_media":8491,"comment_status":"closed","ping_status":"closed","sticky":false,"template":"","format":"standard","meta":{"jnews-multi-image_gallery":[],"jnews_single_post":{"subtitle":"T\u00fcrkiye, S\u0131rbistan'da d\u00fczenlenen Balkan K\u00fcrek \u015eampiyonas\u0131'nda, 5 alt\u0131n, 6 g\u00fcm\u00fc\u015f ve 8 bronz madalya kazand\u0131.","format":"standard","video":"","gallery":"","source_name":"","source_url":"","via_name":"","via_url":"","override":[{"single_blog_custom":"","sidebar":"","second_sidebar":"","share_position":"","share_float_style":"","post_date_format":"","post_date_format_custom":"","post_reading_time_wpm":"","number_popup_post":"1"}],"image_override":[{"single_post_thumbnail_size":"","single_post_gallery_size":""}],"trending_post_position":"","trending_post_label":""},"jnews_primary_category":{"id":"11"},"jnews_social_meta":{"fb_title":"","fb_description":"","fb_image":"","twitter_title":"","twitter_description":"","twitter_image":""},"jnews_override_counter":{"view_counter_number":"0","share_counter_number":"0","like_counter_number":"0","dislike_counter_number":"0"},"footnotes":""},"categories":[2,11],"tags":[23,30],"class_list":["post-8490","post","type-post","status-publish","format-standard","has-post-thumbnail","hentry","category-haberler","category-kurek","tag-fenerbahce","tag-kurek"],"amp_enabled":true,"_links":{"self":[{"href":"https:\/\/www.fener.org\/index.php\/wp-json\/wp\/v2\/posts\/8490","targetHints":{"allow":["GET"]}}],"collection":[{"href":"https:\/\/www.fener.org\/index.php\/wp-json\/wp\/v2\/posts"}],"about":[{"href":"https:\/\/www.fener.org\/index.php\/wp-json\/wp\/v2\/types\/post"}],"author":[{"embeddable":true,"href":"https:\/\/www.fener.org\/index.php\/wp-json\/wp\/v2\/users\/1"}],"replies":[{"embeddable":true,"href":"https:\/\/www.fener.org\/index.php\/wp-json\/wp\/v2\/comments?post=8490"}],"version-history":[{"count":1,"href":"https:\/\/www.fener.org\/index.php\/wp-json\/wp\/v2\/posts\/8490\/revisions"}],"predecessor-version":[{"id":8492,"href":"https:\/\/www.fener.org\/index.php\/wp-json\/wp\/v2\/posts\/8490\/revisions\/8492"}],"wp:featuredmedia":[{"embeddable":true,"href":"https:\/\/www.fener.org\/index.php\/wp-json\/wp\/v2\/media\/8491"}],"wp:attachment":[{"href":"https:\/\/www.fener.org\/index.php\/wp-json\/wp\/v2\/media?parent=8490"}],"wp:term":[{"taxonomy":"category","embeddable":true,"href":"https:\/\/www.fener.org\/index.php\/wp-json\/wp\/v2\/categories?post=8490"},{"taxonomy":"post_tag","embeddable":true,"href":"https:\/\/www.fener.org\/index.php\/wp-json\/wp\/v2\/tags?post=8490"}],"curies":[{"name":"wp","href":"https:\/\/api.w.org\/{rel}","templated":true}]}}