{"id":8475,"date":"2019-09-15T12:35:17","date_gmt":"2019-09-15T09:35:17","guid":{"rendered":"https:\/\/www.fener.org\/?p=8475"},"modified":"2019-09-15T12:35:29","modified_gmt":"2019-09-15T09:35:29","slug":"alp-rona-rodopmandan-bronz-madalya","status":"publish","type":"post","link":"https:\/\/www.fener.org\/index.php\/2019\/09\/15\/alp-rona-rodopmandan-bronz-madalya\/","title":{"rendered":"Alp Rona Rodopman&#8217;dan bronz madalya"},"content":{"rendered":"\n<p>Fenerbah\u00e7e Do\u011fu\u015f Yelken \u015eubemizin Olimpik sporcular\u0131 Alp Rona Rodopman, Yi\u011fit Yal\u00e7\u0131n \u00c7\u0131tak ve Berkay Abay, \u0130talya\u2019da ger\u00e7ekle\u015ftirilen Laser Standart \u015eampiyonas\u0131\u2019nda m\u00fccadele ettiler.<\/p>\n\n\n\n<p>70 yelkencinin yer ald\u0131\u011f\u0131 \u015fampiyonada Alp Rodopman \u00fc\u00e7\u00fcnc\u00fcl\u00fck k\u00fcrs\u00fcs\u00fcne \u00e7\u0131karak bronz madalyan\u0131n sahibi olurken, Yi\u011fit Yal\u00e7\u0131n \u00c7\u0131tak sekizinci, Berkay Abay da dokuzuncu oldu.<\/p>\n","protected":false},"excerpt":{"rendered":"<p>Fenerbah\u00e7e Do\u011fu\u015f Yelken \u015eubemizin Olimpik sporcular\u0131 Alp Rona Rodopman, Yi\u011fit Yal\u00e7\u0131n \u00c7\u0131tak ve Berkay Abay, \u0130talya\u2019da ger\u00e7ekle\u015ftirilen Laser Standart \u015eampiyonas\u0131\u2019nda m\u00fccadele ettiler. 70 yelkencinin yer ald\u0131\u011f\u0131 \u015fampiyonada Alp Rodopman \u00fc\u00e7\u00fcnc\u00fcl\u00fck k\u00fcrs\u00fcs\u00fcne \u00e7\u0131karak bronz madalyan\u0131n sahibi olurken, Yi\u011fit Yal\u00e7\u0131n \u00c7\u0131tak sekizinci, Berkay Abay da dokuzuncu oldu.<\/p>\n","protected":false},"author":1,"featured_media":8476,"comment_status":"closed","ping_status":"closed","sticky":false,"template":"","format":"standard","meta":{"jnews-multi-image_gallery":[],"jnews_single_post":{"subtitle":"Laser Standart \u015eampiyonas\u0131\u2019nda m\u00fccadele eden olimpik sporcular\u0131m\u0131z ba\u015far\u0131l\u0131 sonu\u00e7lar elde etti.","format":"standard","video":"","gallery":"","source_name":"","source_url":"","via_name":"","via_url":"","override":[{"single_blog_custom":"","sidebar":"","second_sidebar":"","share_position":"","share_float_style":"","post_date_format":"","post_date_format_custom":"","post_reading_time_wpm":"","number_popup_post":"1"}],"image_override":[{"single_post_thumbnail_size":"","single_post_gallery_size":""}],"trending_post_position":"","trending_post_label":""},"jnews_primary_category":{"id":"12"},"jnews_social_meta":{"fb_title":"","fb_description":"","fb_image":"","twitter_title":"","twitter_description":"","twitter_image":""},"jnews_override_counter":{"view_counter_number":"0","share_counter_number":"0","like_counter_number":"0","dislike_counter_number":"0"},"footnotes":""},"categories":[2,12],"tags":[23,31],"class_list":["post-8475","post","type-post","status-publish","format-standard","has-post-thumbnail","hentry","category-haberler","category-yelken","tag-fenerbahce","tag-yelken"],"amp_enabled":true,"_links":{"self":[{"href":"https:\/\/www.fener.org\/index.php\/wp-json\/wp\/v2\/posts\/8475","targetHints":{"allow":["GET"]}}],"collection":[{"href":"https:\/\/www.fener.org\/index.php\/wp-json\/wp\/v2\/posts"}],"about":[{"href":"https:\/\/www.fener.org\/index.php\/wp-json\/wp\/v2\/types\/post"}],"author":[{"embeddable":true,"href":"https:\/\/www.fener.org\/index.php\/wp-json\/wp\/v2\/users\/1"}],"replies":[{"embeddable":true,"href":"https:\/\/www.fener.org\/index.php\/wp-json\/wp\/v2\/comments?post=8475"}],"version-history":[{"count":1,"href":"https:\/\/www.fener.org\/index.php\/wp-json\/wp\/v2\/posts\/8475\/revisions"}],"predecessor-version":[{"id":8477,"href":"https:\/\/www.fener.org\/index.php\/wp-json\/wp\/v2\/posts\/8475\/revisions\/8477"}],"wp:featuredmedia":[{"embeddable":true,"href":"https:\/\/www.fener.org\/index.php\/wp-json\/wp\/v2\/media\/8476"}],"wp:attachment":[{"href":"https:\/\/www.fener.org\/index.php\/wp-json\/wp\/v2\/media?parent=8475"}],"wp:term":[{"taxonomy":"category","embeddable":true,"href":"https:\/\/www.fener.org\/index.php\/wp-json\/wp\/v2\/categories?post=8475"},{"taxonomy":"post_tag","embeddable":true,"href":"https:\/\/www.fener.org\/index.php\/wp-json\/wp\/v2\/tags?post=8475"}],"curies":[{"name":"wp","href":"https:\/\/api.w.org\/{rel}","templated":true}]}}