{"id":8273,"date":"2019-08-10T22:03:57","date_gmt":"2019-08-10T19:03:57","guid":{"rendered":"https:\/\/www.fener.org\/?p=8273"},"modified":"2019-08-10T22:04:01","modified_gmt":"2019-08-10T19:04:01","slug":"zanka-fenerbahcede","status":"publish","type":"post","link":"https:\/\/www.fener.org\/index.php\/2019\/08\/10\/zanka-fenerbahcede\/","title":{"rendered":"Zanka Fenerbah\u00e7e&#8217;de"},"content":{"rendered":"\n<p>Fenerbah\u00e7e, Danimarkal\u0131 stoper Zanka&#8217;y\u0131 resmen kadrosuna katt\u0131. Kul\u00fcp, 3+1 y\u0131ll\u0131k s\u00f6zle\u015fme imzaland\u0131\u011f\u0131n\u0131 duyurdu.<\/p>\n\n\n\n<p>29 ya\u015f\u0131ndaki Zanka, per\u015fembe g\u00fcn\u00fc sabaha kar\u015f\u0131 \u0130stanbul&#8217;a gelmi\u015fti. Fenerbah\u00e7e, Huddersfield Town ve futbolcu ile anla\u015fmaya vard\u0131\u011f\u0131n\u0131 a\u00e7\u0131klad\u0131.<\/p>\n\n\n\n<p>Sar\u0131-lacivertliler 29 ya\u015f\u0131ndaki stoper ile 3+1 y\u0131ll\u0131k s\u00f6zle\u015fme imzalad\u0131. Zanka ge\u00e7en sezon Premier Lig&#8217;de 24 ma\u00e7ta forma giymi\u015f, 3 gol atm\u0131\u015ft\u0131.<\/p>\n\n\n\n<p>Zanka&#8217;n\u0131n transferiyle ilgili kul\u00fcb\u00fcm\u00fcz\u00fcn resmi internet sitesinde yay\u0131nlanan a\u00e7\u0131klamada \u015fu ifadeler yer ald\u0131:<\/p>\n\n\n\n<blockquote class=\"wp-block-quote is-layout-flow wp-block-quote-is-layout-flow\"><p>Kul\u00fcb\u00fcm\u00fcz, deneyimli Danimarkal\u0131 stoper Mathias \u2018Zanka\u2019 Jattah-Njie Jorgensen ve kul\u00fcb\u00fc Huddersfield Town ile anla\u015fmaya varm\u0131\u015ft\u0131r.<\/p><p>3+1 y\u0131ll\u0131k anla\u015fmaya imza atan 1990 do\u011fumlu oyuncuya Fenerbah\u00e7e\u2019ye ho\u015f geldin diyor, \u201c\u00c7ubuklu\u201d ile birlikte nice zaferler ve \u015fampiyonluklar diliyoruz.<\/p><p><strong>FENERBAH\u00c7E SPOR KUL\u00dcB\u00dc<\/strong><\/p><\/blockquote>\n","protected":false},"excerpt":{"rendered":"<p>Fenerbah\u00e7e, Danimarkal\u0131 stoper Zanka&#8217;y\u0131 resmen kadrosuna katt\u0131. Kul\u00fcp, 3+1 y\u0131ll\u0131k s\u00f6zle\u015fme imzaland\u0131\u011f\u0131n\u0131 duyurdu. 29 ya\u015f\u0131ndaki Zanka, per\u015fembe g\u00fcn\u00fc sabaha kar\u015f\u0131 \u0130stanbul&#8217;a gelmi\u015fti. Fenerbah\u00e7e, Huddersfield Town ve futbolcu ile anla\u015fmaya vard\u0131\u011f\u0131n\u0131 a\u00e7\u0131klad\u0131. Sar\u0131-lacivertliler 29 ya\u015f\u0131ndaki stoper ile 3+1 y\u0131ll\u0131k s\u00f6zle\u015fme imzalad\u0131. Zanka ge\u00e7en sezon Premier Lig&#8217;de 24 ma\u00e7ta forma giymi\u015f, 3 gol atm\u0131\u015ft\u0131. Zanka&#8217;n\u0131n transferiyle ilgili [&hellip;]<\/p>\n","protected":false},"author":1,"featured_media":8274,"comment_status":"closed","ping_status":"closed","sticky":false,"template":"","format":"standard","meta":{"jnews-multi-image_gallery":[],"jnews_single_post":{"subtitle":"Kul\u00fcb\u00fcm\u00fcz, Huddersfield Town'da forma giyen Mathias Zanka Jorgensen ile 3+1 y\u0131ll\u0131k s\u00f6zle\u015fme imzaland\u0131\u011f\u0131n\u0131 a\u00e7\u0131klad\u0131.","format":"standard","video":"","gallery":"","source_name":"","source_url":"","via_name":"","via_url":"","override":[{"single_blog_custom":"","sidebar":"","second_sidebar":"","share_position":"","share_float_style":"","post_date_format":"","post_date_format_custom":"","post_reading_time_wpm":"","number_popup_post":"1"}],"image_override":[{"single_post_thumbnail_size":"","single_post_gallery_size":""}],"trending_post_position":"","trending_post_label":""},"jnews_primary_category":{"id":"4"},"jnews_social_meta":{"fb_title":"","fb_description":"","fb_image":"","twitter_title":"","twitter_description":"","twitter_image":""},"jnews_override_counter":{"view_counter_number":"0","share_counter_number":"0","like_counter_number":"0","dislike_counter_number":"0"},"footnotes":""},"categories":[4,2,47],"tags":[23,54],"class_list":["post-8273","post","type-post","status-publish","format-standard","has-post-thumbnail","hentry","category-futbol","category-haberler","category-profesyonel-a-futbol-takimi","tag-fenerbahce","tag-futbol"],"amp_enabled":true,"_links":{"self":[{"href":"https:\/\/www.fener.org\/index.php\/wp-json\/wp\/v2\/posts\/8273","targetHints":{"allow":["GET"]}}],"collection":[{"href":"https:\/\/www.fener.org\/index.php\/wp-json\/wp\/v2\/posts"}],"about":[{"href":"https:\/\/www.fener.org\/index.php\/wp-json\/wp\/v2\/types\/post"}],"author":[{"embeddable":true,"href":"https:\/\/www.fener.org\/index.php\/wp-json\/wp\/v2\/users\/1"}],"replies":[{"embeddable":true,"href":"https:\/\/www.fener.org\/index.php\/wp-json\/wp\/v2\/comments?post=8273"}],"version-history":[{"count":1,"href":"https:\/\/www.fener.org\/index.php\/wp-json\/wp\/v2\/posts\/8273\/revisions"}],"predecessor-version":[{"id":8275,"href":"https:\/\/www.fener.org\/index.php\/wp-json\/wp\/v2\/posts\/8273\/revisions\/8275"}],"wp:featuredmedia":[{"embeddable":true,"href":"https:\/\/www.fener.org\/index.php\/wp-json\/wp\/v2\/media\/8274"}],"wp:attachment":[{"href":"https:\/\/www.fener.org\/index.php\/wp-json\/wp\/v2\/media?parent=8273"}],"wp:term":[{"taxonomy":"category","embeddable":true,"href":"https:\/\/www.fener.org\/index.php\/wp-json\/wp\/v2\/categories?post=8273"},{"taxonomy":"post_tag","embeddable":true,"href":"https:\/\/www.fener.org\/index.php\/wp-json\/wp\/v2\/tags?post=8273"}],"curies":[{"name":"wp","href":"https:\/\/api.w.org\/{rel}","templated":true}]}}