{"id":8245,"date":"2019-08-01T15:26:51","date_gmt":"2019-08-01T12:26:51","guid":{"rendered":"https:\/\/www.fener.org\/?p=8245"},"modified":"2019-08-01T15:26:55","modified_gmt":"2019-08-01T12:26:55","slug":"yalcin-citak-ust-uste-2-kez-dunya-sampiyonu-oldu","status":"publish","type":"post","link":"https:\/\/www.fener.org\/index.php\/2019\/08\/01\/yalcin-citak-ust-uste-2-kez-dunya-sampiyonu-oldu\/","title":{"rendered":"Yal\u00e7\u0131n \u00c7\u0131tak \u00fcst \u00fcste 2. kez D\u00fcnya \u015eampiyonu oldu"},"content":{"rendered":"\n<p>Kanada\u2019n\u0131n ev sahipli\u011finde 24-31 Temmuz tarihleri aras\u0131nda yap\u0131lan Laser Radial D\u00fcnya Gen\u00e7ler \u015eampiyonas\u0131\u2019nda m\u00fccadele eden Fenerbah\u00e7e Do\u011fu\u015f Yelken \u015eubemiz sporcusu Yal\u00e7\u0131n \u00c7\u0131tak, rekor bir ba\u015far\u0131ya imza att\u0131.<\/p>\n\n\n\n<p>D\u00fcnya genelinde 32 \u00fclkeden 208 gen\u00e7 ve ba\u015far\u0131l\u0131 yelkencinin k\u0131yas\u0131ya rekabet i\u00e7inde oldu\u011fu turnuvada zirve m\u00fccadelesi veren Milli yelkencimiz Yal\u00e7\u0131n \u00c7\u0131tak, \u015fampiyon olarak \u00fclkemize ve kul\u00fcb\u00fcm\u00fcze \u00f6nemli bir ba\u015far\u0131 kazand\u0131rd\u0131.<\/p>\n\n\n\n<p>Fenerbah\u00e7e Do\u011fu\u015f Yelken \u015eubemizin 2001 do\u011fumlu gen\u00e7 sporcusu Yal\u00e7\u0131n \u00c7\u0131tak, 19 Temmuz D\u00fcnya Fenerbah\u00e7eliler G\u00fcn\u00fc\u2019nde, T\u00fcrk yelkencili\u011fi ad\u0131na \u00e7ok \u00f6nemli bir ba\u015far\u0131 daha elde ederek D\u00fcnya Gen\u00e7ler Yelken \u015eampiyonas\u0131\u2019nda alt\u0131n madalyan\u0131n sahibi olmu\u015f ve \u00fclkemize b\u00fcy\u00fck bir gurur ya\u015fatm\u0131\u015ft\u0131.<\/p>\n","protected":false},"excerpt":{"rendered":"<p>Kanada\u2019n\u0131n ev sahipli\u011finde 24-31 Temmuz tarihleri aras\u0131nda yap\u0131lan Laser Radial D\u00fcnya Gen\u00e7ler \u015eampiyonas\u0131\u2019nda m\u00fccadele eden Fenerbah\u00e7e Do\u011fu\u015f Yelken \u015eubemiz sporcusu Yal\u00e7\u0131n \u00c7\u0131tak, rekor bir ba\u015far\u0131ya imza att\u0131. D\u00fcnya genelinde 32 \u00fclkeden 208 gen\u00e7 ve ba\u015far\u0131l\u0131 yelkencinin k\u0131yas\u0131ya rekabet i\u00e7inde oldu\u011fu turnuvada zirve m\u00fccadelesi veren Milli yelkencimiz Yal\u00e7\u0131n \u00c7\u0131tak, \u015fampiyon olarak \u00fclkemize ve kul\u00fcb\u00fcm\u00fcze \u00f6nemli bir [&hellip;]<\/p>\n","protected":false},"author":1,"featured_media":8250,"comment_status":"closed","ping_status":"closed","sticky":false,"template":"","format":"standard","meta":{"jnews-multi-image_gallery":[],"jnews_single_post":{"subtitle":"Milli yelkencimiz Yal\u00e7\u0131n \u00c7\u0131tak \u00fcst \u00fcste 2. kez D\u00fcnya \u015eampiyonu oldu.","format":"standard","video":"","gallery":"","source_name":"","source_url":"","via_name":"","via_url":"","override":[{"single_blog_custom":"","sidebar":"","second_sidebar":"","share_position":"","share_float_style":"","post_date_format":"","post_date_format_custom":"","post_reading_time_wpm":"","number_popup_post":"1"}],"image_override":[{"single_post_thumbnail_size":"","single_post_gallery_size":""}],"trending_post_position":"","trending_post_label":""},"jnews_primary_category":{"id":"12"},"jnews_social_meta":{"fb_title":"","fb_description":"","fb_image":"","twitter_title":"","twitter_description":"","twitter_image":""},"jnews_override_counter":{"view_counter_number":"0","share_counter_number":"0","like_counter_number":"0","dislike_counter_number":"0"},"footnotes":""},"categories":[2,12],"tags":[23,31],"class_list":["post-8245","post","type-post","status-publish","format-standard","has-post-thumbnail","hentry","category-haberler","category-yelken","tag-fenerbahce","tag-yelken"],"amp_enabled":true,"_links":{"self":[{"href":"https:\/\/www.fener.org\/index.php\/wp-json\/wp\/v2\/posts\/8245","targetHints":{"allow":["GET"]}}],"collection":[{"href":"https:\/\/www.fener.org\/index.php\/wp-json\/wp\/v2\/posts"}],"about":[{"href":"https:\/\/www.fener.org\/index.php\/wp-json\/wp\/v2\/types\/post"}],"author":[{"embeddable":true,"href":"https:\/\/www.fener.org\/index.php\/wp-json\/wp\/v2\/users\/1"}],"replies":[{"embeddable":true,"href":"https:\/\/www.fener.org\/index.php\/wp-json\/wp\/v2\/comments?post=8245"}],"version-history":[{"count":1,"href":"https:\/\/www.fener.org\/index.php\/wp-json\/wp\/v2\/posts\/8245\/revisions"}],"predecessor-version":[{"id":8247,"href":"https:\/\/www.fener.org\/index.php\/wp-json\/wp\/v2\/posts\/8245\/revisions\/8247"}],"wp:featuredmedia":[{"embeddable":true,"href":"https:\/\/www.fener.org\/index.php\/wp-json\/wp\/v2\/media\/8250"}],"wp:attachment":[{"href":"https:\/\/www.fener.org\/index.php\/wp-json\/wp\/v2\/media?parent=8245"}],"wp:term":[{"taxonomy":"category","embeddable":true,"href":"https:\/\/www.fener.org\/index.php\/wp-json\/wp\/v2\/categories?post=8245"},{"taxonomy":"post_tag","embeddable":true,"href":"https:\/\/www.fener.org\/index.php\/wp-json\/wp\/v2\/tags?post=8245"}],"curies":[{"name":"wp","href":"https:\/\/api.w.org\/{rel}","templated":true}]}}