{"id":8231,"date":"2019-07-30T23:35:35","date_gmt":"2019-07-30T20:35:35","guid":{"rendered":"https:\/\/www.fener.org\/?p=8231"},"modified":"2021-07-27T10:27:40","modified_gmt":"2021-07-27T07:27:40","slug":"fenerbahceden-tatsiz-prova","status":"publish","type":"post","link":"https:\/\/www.fener.org\/index.php\/2019\/07\/30\/fenerbahceden-tatsiz-prova\/","title":{"rendered":"Fenerbah\u00e7e&#8217;den tats\u0131z prova"},"content":{"rendered":"<p>Allianz Arena&#8217;da oynanan m\u00fccadeleyi ev sahibi Bayern M\u00fcnih, 6-1&#8217;lik skorla kazand\u0131.<\/p>\n<p>Bayern M\u00fcnih, 22. dakikada Renato Sanches&#8217;in gol\u00fcyle \u00f6ne ge\u00e7ti. 28. dakikada Leon Goretzka, 31. dakikada Thomas M\u00fcller, 40. dakikada Kingsley Coman ve 43. dakikada Thomas M\u00fcller&#8217;in golleriyle ilk yar\u0131 5-0 sona erdi.<\/p>\n<p>\u0130kinci yar\u0131da Bayern M\u00fcnih, Thomas M\u00fcller, 58. dakikada ma\u00e7taki \u00fc\u00e7\u00fcnc\u00fc gol\u00fcn\u00fc att\u0131. Max Kruse, 64. dakikada Fenerbah\u00e7e&#8217;nin ma\u00e7taki tek gol\u00fcn\u00fc att\u0131.<\/p>\n<p>Fenerbah\u00e7e&#8217;de Hasan Ali Kald\u0131r\u0131m, 21. dakikada sakatlanarak kenara geldi. Hasan Ali, devre aras\u0131nda koltuk de\u011fnekleriyle g\u00f6r\u00fcld\u00fc.<\/p>\n<p>73. dakikada ise Nabil Dirar, Fenerbah\u00e7eli taraftarlar ile tart\u0131\u015fma ya\u015fad\u0131. Gelen tepkiler \u00fczerine Dirar, sahay\u0131 terk etmek istedi ancak Ersun Yanal ve tak\u0131m arkada\u015flar\u0131 ikna ederek tekrar oyuna d\u00f6nd\u00fcrd\u00fc.<\/p>\n<p>Fenerbah\u00e7e, Real Madrid ile \u00fc\u00e7\u00fcnc\u00fcl\u00fck ma\u00e7\u0131 oynayacak. Bayern ise finalde Tottenham ile kupa i\u00e7in m\u00fccadele edecek.<\/p>\n","protected":false},"excerpt":{"rendered":"<p>Allianz Arena&#8217;da oynanan m\u00fccadeleyi ev sahibi Bayern M\u00fcnih, 6-1&#8217;lik skorla kazand\u0131. Bayern M\u00fcnih, 22. dakikada Renato Sanches&#8217;in gol\u00fcyle \u00f6ne ge\u00e7ti. 28. dakikada Leon Goretzka, 31. dakikada Thomas M\u00fcller, 40. dakikada Kingsley Coman ve 43. dakikada Thomas M\u00fcller&#8217;in golleriyle ilk yar\u0131 5-0 sona erdi. \u0130kinci yar\u0131da Bayern M\u00fcnih, Thomas M\u00fcller, 58. dakikada ma\u00e7taki \u00fc\u00e7\u00fcnc\u00fc gol\u00fcn\u00fc att\u0131. [&hellip;]<\/p>\n","protected":false},"author":1,"featured_media":8232,"comment_status":"closed","ping_status":"closed","sticky":false,"template":"","format":"standard","meta":{"jnews-multi-image_gallery":[],"jnews_single_post":{"subtitle":"Sezon \u00f6ncesi haz\u0131rl\u0131k turnuvas\u0131 olan Audi Kupas\u0131&#039;nda Bayern M\u00fcnih ile Fenerbah\u00e7e kar\u015f\u0131 kar\u015f\u0131ya geldi. Tak\u0131m\u0131m\u0131z Allianz Arena&#039;da oynanan m\u00fccadelede rakibine farkl\u0131 ma\u011flup oldu.","format":"standard","video":"","gallery":"","source_name":"","source_url":"","via_name":"","via_url":"","override":[{"single_blog_custom":"","sidebar":"","second_sidebar":"","share_position":"","share_float_style":"","post_date_format":"","post_date_format_custom":"","post_reading_time_wpm":"","number_popup_post":"1"}],"image_override":[{"single_post_thumbnail_size":"","single_post_gallery_size":""}],"trending_post_position":"","trending_post_label":""},"jnews_primary_category":{"id":"4"},"jnews_social_meta":{"fb_title":"","fb_description":"","fb_image":"","twitter_title":"","twitter_description":"","twitter_image":""},"jnews_override_counter":{"view_counter_number":"0","share_counter_number":"0","like_counter_number":"0","dislike_counter_number":"0"},"footnotes":""},"categories":[4,2,47],"tags":[23,54],"class_list":["post-8231","post","type-post","status-publish","format-standard","has-post-thumbnail","hentry","category-futbol","category-haberler","category-profesyonel-a-futbol-takimi","tag-fenerbahce","tag-futbol"],"amp_enabled":true,"_links":{"self":[{"href":"https:\/\/www.fener.org\/index.php\/wp-json\/wp\/v2\/posts\/8231","targetHints":{"allow":["GET"]}}],"collection":[{"href":"https:\/\/www.fener.org\/index.php\/wp-json\/wp\/v2\/posts"}],"about":[{"href":"https:\/\/www.fener.org\/index.php\/wp-json\/wp\/v2\/types\/post"}],"author":[{"embeddable":true,"href":"https:\/\/www.fener.org\/index.php\/wp-json\/wp\/v2\/users\/1"}],"replies":[{"embeddable":true,"href":"https:\/\/www.fener.org\/index.php\/wp-json\/wp\/v2\/comments?post=8231"}],"version-history":[{"count":1,"href":"https:\/\/www.fener.org\/index.php\/wp-json\/wp\/v2\/posts\/8231\/revisions"}],"predecessor-version":[{"id":8233,"href":"https:\/\/www.fener.org\/index.php\/wp-json\/wp\/v2\/posts\/8231\/revisions\/8233"}],"wp:featuredmedia":[{"embeddable":true,"href":"https:\/\/www.fener.org\/index.php\/wp-json\/wp\/v2\/media\/8232"}],"wp:attachment":[{"href":"https:\/\/www.fener.org\/index.php\/wp-json\/wp\/v2\/media?parent=8231"}],"wp:term":[{"taxonomy":"category","embeddable":true,"href":"https:\/\/www.fener.org\/index.php\/wp-json\/wp\/v2\/categories?post=8231"},{"taxonomy":"post_tag","embeddable":true,"href":"https:\/\/www.fener.org\/index.php\/wp-json\/wp\/v2\/tags?post=8231"}],"curies":[{"name":"wp","href":"https:\/\/api.w.org\/{rel}","templated":true}]}}