{"id":8203,"date":"2019-07-25T07:24:09","date_gmt":"2019-07-25T04:24:09","guid":{"rendered":"https:\/\/www.fener.org\/?p=8203"},"modified":"2019-07-25T07:24:14","modified_gmt":"2019-07-25T04:24:14","slug":"ozlem-becerekten-bronz-madalya","status":"publish","type":"post","link":"https:\/\/www.fener.org\/index.php\/2019\/07\/25\/ozlem-becerekten-bronz-madalya\/","title":{"rendered":"\u00d6zlem Becerek\u2019ten bronz madalya"},"content":{"rendered":"\n<p>Tevfik Behramov Stadyumu\u2019nda ger\u00e7ekle\u015ftirilen atletizm m\u00fcsabakalar\u0131n\u0131n disk atma finalinde m\u00fccadele eden milli atletimiz \u00d6zlem, \u00fc\u00e7\u00fcnc\u00fc hakk\u0131nda kaydetti\u011fi 53.43\u2019l\u00fck derecesiyle bronz madalyan\u0131n sahibi oldu.<\/p>\n\n\n\n<p>Rus Violetta Ignatyeva\u2019n\u0131n 55.37 ile ilk s\u0131rada yer ald\u0131\u011f\u0131 yar\u0131\u015fmay\u0131 Alman Pia Northoff 54.38 ile ikinci olarak tamamlad\u0131.<\/p>\n\n\n\n<p>Ge\u00e7en ay Belarus, Ukrayna ve T\u00fcrkiye\u2019den atletlerin kat\u0131l\u0131m\u0131yla Ukrayna\u2019n\u0131n ba\u015fkenti Kiev\u2019de ger\u00e7ekle\u015ftirilen Uluslararas\u0131 U18 \u015eampiyonas\u0131\u2019nda milli forma alt\u0131nda m\u00fccadele eden milli atletimiz \u00d6zlem Becerek, disk atmada 57.50\u2019lik derecesiyle yar\u0131\u015f\u0131n\u0131 ilk s\u0131rada tamamlayarak T\u00fcrkiye rekorunu k\u0131rm\u0131\u015ft\u0131.<\/p>\n","protected":false},"excerpt":{"rendered":"<p>Tevfik Behramov Stadyumu\u2019nda ger\u00e7ekle\u015ftirilen atletizm m\u00fcsabakalar\u0131n\u0131n disk atma finalinde m\u00fccadele eden milli atletimiz \u00d6zlem, \u00fc\u00e7\u00fcnc\u00fc hakk\u0131nda kaydetti\u011fi 53.43\u2019l\u00fck derecesiyle bronz madalyan\u0131n sahibi oldu. Rus Violetta Ignatyeva\u2019n\u0131n 55.37 ile ilk s\u0131rada yer ald\u0131\u011f\u0131 yar\u0131\u015fmay\u0131 Alman Pia Northoff 54.38 ile ikinci olarak tamamlad\u0131. Ge\u00e7en ay Belarus, Ukrayna ve T\u00fcrkiye\u2019den atletlerin kat\u0131l\u0131m\u0131yla Ukrayna\u2019n\u0131n ba\u015fkenti Kiev\u2019de ger\u00e7ekle\u015ftirilen Uluslararas\u0131 U18 [&hellip;]<\/p>\n","protected":false},"author":1,"featured_media":8204,"comment_status":"closed","ping_status":"closed","sticky":false,"template":"","format":"standard","meta":{"jnews-multi-image_gallery":[],"jnews_single_post":{"subtitle":"Azerbaycan\u2019\u0131n ba\u015fkenti Bak\u00fc\u2019de d\u00fczenlenen 15. Avrupa Gen\u00e7lik Olimpik Yaz Festivali\u2019nde (EYOF) m\u00fccadele eden Fenerbah\u00e7eli milli atletimiz \u00d6zle Becerek, bronz madalya kazand\u0131.","format":"standard","video":"","gallery":"","source_name":"","source_url":"","via_name":"","via_url":"","override":[{"single_blog_custom":"","sidebar":"","second_sidebar":"","share_position":"","share_float_style":"","post_date_format":"","post_date_format_custom":"","post_reading_time_wpm":"","number_popup_post":"1"}],"image_override":[{"single_post_thumbnail_size":"","single_post_gallery_size":""}],"trending_post_position":"","trending_post_label":""},"jnews_primary_category":{"id":"13"},"jnews_social_meta":{"fb_title":"","fb_description":"","fb_image":"","twitter_title":"","twitter_description":"","twitter_image":""},"jnews_override_counter":{"view_counter_number":"0","share_counter_number":"0","like_counter_number":"0","dislike_counter_number":"0"},"footnotes":""},"categories":[13,2],"tags":[32,23],"class_list":["post-8203","post","type-post","status-publish","format-standard","has-post-thumbnail","hentry","category-atletizm","category-haberler","tag-atletizm","tag-fenerbahce"],"amp_enabled":true,"_links":{"self":[{"href":"https:\/\/www.fener.org\/index.php\/wp-json\/wp\/v2\/posts\/8203","targetHints":{"allow":["GET"]}}],"collection":[{"href":"https:\/\/www.fener.org\/index.php\/wp-json\/wp\/v2\/posts"}],"about":[{"href":"https:\/\/www.fener.org\/index.php\/wp-json\/wp\/v2\/types\/post"}],"author":[{"embeddable":true,"href":"https:\/\/www.fener.org\/index.php\/wp-json\/wp\/v2\/users\/1"}],"replies":[{"embeddable":true,"href":"https:\/\/www.fener.org\/index.php\/wp-json\/wp\/v2\/comments?post=8203"}],"version-history":[{"count":1,"href":"https:\/\/www.fener.org\/index.php\/wp-json\/wp\/v2\/posts\/8203\/revisions"}],"predecessor-version":[{"id":8205,"href":"https:\/\/www.fener.org\/index.php\/wp-json\/wp\/v2\/posts\/8203\/revisions\/8205"}],"wp:featuredmedia":[{"embeddable":true,"href":"https:\/\/www.fener.org\/index.php\/wp-json\/wp\/v2\/media\/8204"}],"wp:attachment":[{"href":"https:\/\/www.fener.org\/index.php\/wp-json\/wp\/v2\/media?parent=8203"}],"wp:term":[{"taxonomy":"category","embeddable":true,"href":"https:\/\/www.fener.org\/index.php\/wp-json\/wp\/v2\/categories?post=8203"},{"taxonomy":"post_tag","embeddable":true,"href":"https:\/\/www.fener.org\/index.php\/wp-json\/wp\/v2\/tags?post=8203"}],"curies":[{"name":"wp","href":"https:\/\/api.w.org\/{rel}","templated":true}]}}