{"id":8200,"date":"2019-07-24T21:53:58","date_gmt":"2019-07-24T18:53:58","guid":{"rendered":"https:\/\/www.fener.org\/?p=8200"},"modified":"2019-07-24T21:54:01","modified_gmt":"2019-07-24T18:54:01","slug":"atletlerimizden-2-altin-madalya","status":"publish","type":"post","link":"https:\/\/www.fener.org\/index.php\/2019\/07\/24\/atletlerimizden-2-altin-madalya\/","title":{"rendered":"Atletlerimizden 2 alt\u0131n madalya"},"content":{"rendered":"<p>15. Avrupa Gen\u00e7lik Olimpik Yaz Festivali 100 metrede sar\u0131 lacivertli sporcumuz Umut Uysal 10.47\u2019lik derecesi ile alt\u0131n madalyaya uzand\u0131. 100 metrede g\u00fcm\u00fc\u015f madalya \u0130talyan Matteo Meluzzo\u2019nun olurken, bronz madalya Alman Felix Kunstein\u2019in oldu.<\/p>\n<p>G\u00fclle atmada sporcumuz P\u0131nar Akyol 17.88\u2019lik derecesi ile yine alt\u0131n madalya kazand\u0131. P\u0131nar Akyol\u2019u Moldova\u2019dan Nina Capatina ve Alman Sina Pruefer takip etti.<\/p>\n","protected":false},"excerpt":{"rendered":"<p>15. Avrupa Gen\u00e7lik Olimpik Yaz Festivali 100 metrede sar\u0131 lacivertli sporcumuz Umut Uysal 10.47\u2019lik derecesi ile alt\u0131n madalyaya uzand\u0131. 100 metrede g\u00fcm\u00fc\u015f madalya \u0130talyan Matteo Meluzzo\u2019nun olurken, bronz madalya Alman Felix Kunstein\u2019in oldu. G\u00fclle atmada sporcumuz P\u0131nar Akyol 17.88\u2019lik derecesi ile yine alt\u0131n madalya kazand\u0131. P\u0131nar Akyol\u2019u Moldova\u2019dan Nina Capatina ve Alman Sina Pruefer takip [&hellip;]<\/p>\n","protected":false},"author":1,"featured_media":8201,"comment_status":"closed","ping_status":"closed","sticky":false,"template":"","format":"standard","meta":{"jnews-multi-image_gallery":[],"jnews_single_post":{"subtitle":"Azerbaycan\u2019\u0131n ba\u015fkenti Bak\u00fc\u2019de d\u00fczenlenen 15. Avrupa Gen\u00e7lik Olimpik Yaz Festivali\u2019nde (EYOF) m\u00fccadele eden atletlerimiz, organizasyonun ikinci g\u00fcn\u00fcnde iki alt\u0131n madalya kazand\u0131.","format":"standard","video":"","gallery":"","source_name":"","source_url":"","via_name":"","via_url":"","override":[{"single_blog_custom":"","sidebar":"","second_sidebar":"","share_position":"","share_float_style":"","post_date_format":"","post_date_format_custom":"","post_reading_time_wpm":"","number_popup_post":"1"}],"image_override":[{"single_post_thumbnail_size":"","single_post_gallery_size":""}],"trending_post_position":"","trending_post_label":""},"jnews_primary_category":{"id":"13"},"jnews_social_meta":{"fb_title":"","fb_description":"","fb_image":"","twitter_title":"","twitter_description":"","twitter_image":""},"jnews_override_counter":{"view_counter_number":"0","share_counter_number":"0","like_counter_number":"0","dislike_counter_number":"0"},"footnotes":""},"categories":[13,2],"tags":[32,23],"class_list":["post-8200","post","type-post","status-publish","format-standard","has-post-thumbnail","hentry","category-atletizm","category-haberler","tag-atletizm","tag-fenerbahce"],"amp_enabled":true,"_links":{"self":[{"href":"https:\/\/www.fener.org\/index.php\/wp-json\/wp\/v2\/posts\/8200","targetHints":{"allow":["GET"]}}],"collection":[{"href":"https:\/\/www.fener.org\/index.php\/wp-json\/wp\/v2\/posts"}],"about":[{"href":"https:\/\/www.fener.org\/index.php\/wp-json\/wp\/v2\/types\/post"}],"author":[{"embeddable":true,"href":"https:\/\/www.fener.org\/index.php\/wp-json\/wp\/v2\/users\/1"}],"replies":[{"embeddable":true,"href":"https:\/\/www.fener.org\/index.php\/wp-json\/wp\/v2\/comments?post=8200"}],"version-history":[{"count":1,"href":"https:\/\/www.fener.org\/index.php\/wp-json\/wp\/v2\/posts\/8200\/revisions"}],"predecessor-version":[{"id":8202,"href":"https:\/\/www.fener.org\/index.php\/wp-json\/wp\/v2\/posts\/8200\/revisions\/8202"}],"wp:featuredmedia":[{"embeddable":true,"href":"https:\/\/www.fener.org\/index.php\/wp-json\/wp\/v2\/media\/8201"}],"wp:attachment":[{"href":"https:\/\/www.fener.org\/index.php\/wp-json\/wp\/v2\/media?parent=8200"}],"wp:term":[{"taxonomy":"category","embeddable":true,"href":"https:\/\/www.fener.org\/index.php\/wp-json\/wp\/v2\/categories?post=8200"},{"taxonomy":"post_tag","embeddable":true,"href":"https:\/\/www.fener.org\/index.php\/wp-json\/wp\/v2\/tags?post=8200"}],"curies":[{"name":"wp","href":"https:\/\/api.w.org\/{rel}","templated":true}]}}