{"id":8189,"date":"2019-07-22T00:04:25","date_gmt":"2019-07-21T21:04:25","guid":{"rendered":"https:\/\/www.fener.org\/?p=8189"},"modified":"2019-07-22T00:04:30","modified_gmt":"2019-07-21T21:04:30","slug":"atletlerimizden-avrupa-u20-sampiyonasinda-10-madalya","status":"publish","type":"post","link":"https:\/\/www.fener.org\/index.php\/2019\/07\/22\/atletlerimizden-avrupa-u20-sampiyonasinda-10-madalya\/","title":{"rendered":"Atletlerimizden Avrupa U20 \u015eampiyonas\u0131\u2019nda 10 madalya"},"content":{"rendered":"\n<p>T\u00fcrkiye\u2019den 51 sporcunun yer ald\u0131\u011f\u0131 milli tak\u0131m kafilesinde 28 atletimizin madalya m\u00fccadelesi verdi\u011fi \u015fampiyonan\u0131n bug\u00fcnk\u00fc final m\u00fcsabakalar\u0131nda atletlerimiz Berke Ak\u00e7am ve \u0130lyas \u00c7anak\u00e7\u0131 ile milli sporcular O\u011fuzhan Kaya ve Kubilay En\u00e7\u00fc\u2019den olu\u015fan bayrak tak\u0131m\u0131m\u0131z, 4&#215;400 metredeki 3:08.34\u2019l\u00fck derecesiyle alt\u0131n madalyan\u0131n sahibi oldu.<\/p>\n\n\n\n<p>Tarihi finale 7 numaral\u0131 kulvarda O\u011fuzhan Kaya ile ba\u015flayan T\u00fcrkiye, ilk bayrak de\u011fi\u015fimini ikinci yapt\u0131ktan sonra Kubilay En\u00e7\u00fc ve milli sporcumuz Berke Ak\u00e7am ile zirveden kopmad\u0131. Son de\u011fi\u015fimde bayra\u011f\u0131 teslim alan milli atletimiz \u0130lyas \u00c7anak\u00e7\u0131, son d\u00fczl\u00fc\u011fe girerken, Fransa, \u0130talya, \u00c7ek Cumhuriyeti ve \u0130spanya \u00f6n\u00fcndeydi. Ancak i\u00e7erden inan\u0131lmaz bir atak yapan \u0130lyas \u00c7anak\u00e7\u0131, t\u00fcm rakiplerini ge\u00e7ip \u00e7izgiye ilk s\u0131rada ula\u015ft\u0131. Ay-y\u0131ld\u0131zl\u0131 d\u00f6rtl\u00fc, 3:08.34 ile \u015fampiyonlu\u011fu al\u0131rken, hem iki y\u0131l \u00f6nce bu \u015fampiyonada k\u0131r\u0131lan U20 T\u00fcrkiye rekorunu bir bu\u00e7uk saniye indirdi hem de Avrupa\u2019da bu y\u0131l\u0131n en iyi U20 ya\u015f grubu derecesini yapt\u0131.<\/p>\n\n\n\n<p>\u00d6te yandan 17 ya\u015f\u0131ndaki atletimiz P\u0131nar Akyol, g\u00fclle atmada bir \u00fcst ya\u015f grubu atletlerle yar\u0131\u015ft\u0131\u011f\u0131 Avrupa U20&#8217;de 16.18&#8217;lik at\u0131\u015f\u0131yla g\u00fcm\u00fc\u015f madalya al\u0131rken; 18 ya\u015f alt\u0131nda da bu y\u0131l\u0131n en iyi derecesini yapm\u0131\u015f oldu. Bir di\u011fer atletimiz Ayetullah Aslanhan da erkekler 5000 metrede 14:05.01\u2019le ikinci s\u0131rada yer ald\u0131 ve g\u00fcm\u00fc\u015f madalyan\u0131n sahibi oldu.<\/p>\n\n\n\n<p>Madalya s\u0131ralamas\u0131nda Britanya, \u0130talya, Hollanda ve Ukrayna\u2019n\u0131n arkas\u0131nda be\u015finci olan T\u00fcrkiye, Almanya, \u0130spanya, ev sahibi \u0130sve\u00e7, Fransa ve Polonya gibi atletizm devlerini geride b\u0131rakt\u0131.<\/p>\n\n\n\n<p>Boras 2019\u2019da T\u00fcrkiye\u2019nin elde etti\u011fi madalyalar \u015fu \u015fekilde:<\/p>\n\n\n\n<p><strong>ALTIN MADALYA<\/strong><br> 10,000m y\u00fcr\u00fcy\u00fc\u015f \u2013 Meryem Bekmez<br> 3000 metre su engelli \u2013 Murat Yal\u00e7\u0131nkaya<br> 4x400m tak\u0131m\u0131 \u2013 O\u011fuzhan Kaya, Kubilay En\u00e7\u00fc, Berke Ak\u00e7am, \u0130lyas \u00c7anak\u00e7\u0131<\/p>\n\n\n\n<p><strong>G\u00dcM\u00dc\u015e MADALYA<\/strong><br> 5000 metre \u2013 Ayetullah Aslanhan<br> 10,000m y\u00fcr\u00fcy\u00fc\u015f \u2013 Evin Demir<br> G\u00fclle atma \u2013 P\u0131nar Akyol<br> Disk atma \u2013 \u00d6zlem Becerek<\/p>\n\n\n\n<p><strong>BRONZ MADALYA<\/strong><br> 3000 metre \u2013 \u00d6mer Ama\u00e7tan<br> G\u00fclle atma \u2013 Alperen Karahan<br> 1500 metre \u2013 Tu\u011fba Topta\u015f<\/p>\n","protected":false},"excerpt":{"rendered":"<p>T\u00fcrkiye\u2019den 51 sporcunun yer ald\u0131\u011f\u0131 milli tak\u0131m kafilesinde 28 atletimizin madalya m\u00fccadelesi verdi\u011fi \u015fampiyonan\u0131n bug\u00fcnk\u00fc final m\u00fcsabakalar\u0131nda atletlerimiz Berke Ak\u00e7am ve \u0130lyas \u00c7anak\u00e7\u0131 ile milli sporcular O\u011fuzhan Kaya ve Kubilay En\u00e7\u00fc\u2019den olu\u015fan bayrak tak\u0131m\u0131m\u0131z, 4&#215;400 metredeki 3:08.34\u2019l\u00fck derecesiyle alt\u0131n madalyan\u0131n sahibi oldu. Tarihi finale 7 numaral\u0131 kulvarda O\u011fuzhan Kaya ile ba\u015flayan T\u00fcrkiye, ilk bayrak de\u011fi\u015fimini [&hellip;]<\/p>\n","protected":false},"author":1,"featured_media":8190,"comment_status":"closed","ping_status":"closed","sticky":false,"template":"","format":"standard","meta":{"jnews-multi-image_gallery":[],"jnews_single_post":{"subtitle":"\u0130sve\u00e7\u2019in Boras \u015fehrinde d\u00fczenlenen Avrupa U20 \u015eampiyonas\u0131\u2019n\u0131n son g\u00fcn\u00fcnde piste \u00e7\u0131kan atletlerimiz \u00e7ok say\u0131da madalyan\u0131n sahibi oldular.","format":"standard","video":"","gallery":"","source_name":"","source_url":"","via_name":"","via_url":"","override":[{"single_blog_custom":"","sidebar":"","second_sidebar":"","share_position":"","share_float_style":"","post_date_format":"","post_date_format_custom":"","post_reading_time_wpm":"","number_popup_post":"1"}],"image_override":[{"single_post_thumbnail_size":"","single_post_gallery_size":""}],"trending_post_position":"","trending_post_label":""},"jnews_primary_category":{"id":"13"},"jnews_social_meta":{"fb_title":"","fb_description":"","fb_image":"","twitter_title":"","twitter_description":"","twitter_image":""},"jnews_override_counter":{"view_counter_number":"0","share_counter_number":"0","like_counter_number":"0","dislike_counter_number":"0"},"footnotes":""},"categories":[13,2],"tags":[32,23],"class_list":["post-8189","post","type-post","status-publish","format-standard","has-post-thumbnail","hentry","category-atletizm","category-haberler","tag-atletizm","tag-fenerbahce"],"amp_enabled":true,"_links":{"self":[{"href":"https:\/\/www.fener.org\/index.php\/wp-json\/wp\/v2\/posts\/8189","targetHints":{"allow":["GET"]}}],"collection":[{"href":"https:\/\/www.fener.org\/index.php\/wp-json\/wp\/v2\/posts"}],"about":[{"href":"https:\/\/www.fener.org\/index.php\/wp-json\/wp\/v2\/types\/post"}],"author":[{"embeddable":true,"href":"https:\/\/www.fener.org\/index.php\/wp-json\/wp\/v2\/users\/1"}],"replies":[{"embeddable":true,"href":"https:\/\/www.fener.org\/index.php\/wp-json\/wp\/v2\/comments?post=8189"}],"version-history":[{"count":1,"href":"https:\/\/www.fener.org\/index.php\/wp-json\/wp\/v2\/posts\/8189\/revisions"}],"predecessor-version":[{"id":8191,"href":"https:\/\/www.fener.org\/index.php\/wp-json\/wp\/v2\/posts\/8189\/revisions\/8191"}],"wp:featuredmedia":[{"embeddable":true,"href":"https:\/\/www.fener.org\/index.php\/wp-json\/wp\/v2\/media\/8190"}],"wp:attachment":[{"href":"https:\/\/www.fener.org\/index.php\/wp-json\/wp\/v2\/media?parent=8189"}],"wp:term":[{"taxonomy":"category","embeddable":true,"href":"https:\/\/www.fener.org\/index.php\/wp-json\/wp\/v2\/categories?post=8189"},{"taxonomy":"post_tag","embeddable":true,"href":"https:\/\/www.fener.org\/index.php\/wp-json\/wp\/v2\/tags?post=8189"}],"curies":[{"name":"wp","href":"https:\/\/api.w.org\/{rel}","templated":true}]}}