{"id":8182,"date":"2019-07-21T23:44:13","date_gmt":"2019-07-21T20:44:13","guid":{"rendered":"https:\/\/www.fener.org\/?p=8182"},"modified":"2019-07-21T23:44:16","modified_gmt":"2019-07-21T20:44:16","slug":"fenerbahce-avusturyada","status":"publish","type":"post","link":"https:\/\/www.fener.org\/index.php\/2019\/07\/21\/fenerbahce-avusturyada\/","title":{"rendered":"Fenerbah\u00e7e Avusturya&#8217;da"},"content":{"rendered":"\n<p>Bug\u00fcn \u0130stanbul&#8217;dan \u00f6\u011fle saatlerinde \u00f6zel u\u00e7akla hareket eden Fenerbah\u00e7e kafilesi, iki bu\u00e7uk saatlik yolculu\u011fun ard\u0131ndan Avusturya&#8217;n\u0131n Graz kentine ula\u015ft\u0131. <\/p>\n\n\n\n<p>Fenerbah\u00e7e kafilesini, Graz Havaliman\u0131&#8217;nda bir grup taraftar kar\u015f\u0131lad\u0131. Kafileye tezah\u00fcratlarla sevgi g\u00f6sterilerinde bulunan taraftarlar, futbolcular ile foto\u011fraf \u00e7ektirdi.<\/p>\n\n\n\n<p>Fenerbah\u00e7e&#8217;nin, Avusturya kamp\u0131nda yer alan oyuncu kadrosu \u015f\u00f6yle: <\/p>\n\n\n\n<p><strong>\u201cHarun Tekin, Altay Bay\u0131nd\u0131r, Abdullah Yi\u011fiter, Oytun \u00d6zdo\u011fan, Batuhan Y\u0131lmaz, Sad\u0131k \u00c7iftp\u0131nar, Serdar Aziz, Murat Sa\u011flam, Hasan Ali Kald\u0131r\u0131m, Abd\u00fclcebrail Akbulut, Emre Bel\u00f6zo\u011flu, Jailson, Ozan Tufan, Tolga Ci\u011ferci, Tolgay Arslan, Mehmet Ekici, Miha Zajc, Max Kruse, Ferdi Kad\u0131o\u011flu, Alper Potuk, Muhammed G\u00fcm\u00fc\u015fkaya, Victor Moses, Garry Rodrigues, Vedat Muriqi, Michael Frey, Allahyar Sayyadmanesh, Yusuf Mert Tun\u00e7.\u201d <\/strong><\/p>\n\n\n\n<p>Sar\u0131-lacivertli ekip, Avusturya kamp\u0131nda iki haz\u0131rl\u0131k ma\u00e7\u0131 oynayacak. Fenerbah\u00e7e, yar\u0131n Almanya 1. Futbol Ligi (Bundesliga) ekiplerinden Wolfsburg, 25 Temmuz Per\u015fembe g\u00fcn\u00fc ise bir ba\u015fka bir Alman ekibi Hertha Berlin ile kar\u015f\u0131 kar\u015f\u0131ya gelecek.<\/p>\n","protected":false},"excerpt":{"rendered":"<p>Bug\u00fcn \u0130stanbul&#8217;dan \u00f6\u011fle saatlerinde \u00f6zel u\u00e7akla hareket eden Fenerbah\u00e7e kafilesi, iki bu\u00e7uk saatlik yolculu\u011fun ard\u0131ndan Avusturya&#8217;n\u0131n Graz kentine ula\u015ft\u0131. Fenerbah\u00e7e kafilesini, Graz Havaliman\u0131&#8217;nda bir grup taraftar kar\u015f\u0131lad\u0131. Kafileye tezah\u00fcratlarla sevgi g\u00f6sterilerinde bulunan taraftarlar, futbolcular ile foto\u011fraf \u00e7ektirdi. Fenerbah\u00e7e&#8217;nin, Avusturya kamp\u0131nda yer alan oyuncu kadrosu \u015f\u00f6yle: \u201cHarun Tekin, Altay Bay\u0131nd\u0131r, Abdullah Yi\u011fiter, Oytun \u00d6zdo\u011fan, Batuhan Y\u0131lmaz, [&hellip;]<\/p>\n","protected":false},"author":1,"featured_media":8183,"comment_status":"closed","ping_status":"closed","sticky":false,"template":"","format":"standard","meta":{"jnews-multi-image_gallery":[],"jnews_single_post":{"subtitle":"Yeni sezon haz\u0131rl\u0131klar\u0131na Avusturya kamp\u0131nda devam edecek olan Fenerbah\u00e7e, Avusturya'n\u0131n Graz kentine ula\u015ft\u0131.","format":"standard","video":"","gallery":"","source_name":"","source_url":"","via_name":"","via_url":"","override":[{"single_blog_custom":"","sidebar":"","second_sidebar":"","share_position":"","share_float_style":"","post_date_format":"","post_date_format_custom":"","post_reading_time_wpm":"","number_popup_post":"1"}],"image_override":[{"single_post_thumbnail_size":"","single_post_gallery_size":""}],"trending_post_position":"","trending_post_label":""},"jnews_primary_category":{"id":"4"},"jnews_social_meta":{"fb_title":"","fb_description":"","fb_image":"","twitter_title":"","twitter_description":"","twitter_image":""},"jnews_override_counter":{"view_counter_number":"0","share_counter_number":"0","like_counter_number":"0","dislike_counter_number":"0"},"footnotes":""},"categories":[4,2,47],"tags":[23,54],"class_list":["post-8182","post","type-post","status-publish","format-standard","has-post-thumbnail","hentry","category-futbol","category-haberler","category-profesyonel-a-futbol-takimi","tag-fenerbahce","tag-futbol"],"amp_enabled":true,"_links":{"self":[{"href":"https:\/\/www.fener.org\/index.php\/wp-json\/wp\/v2\/posts\/8182","targetHints":{"allow":["GET"]}}],"collection":[{"href":"https:\/\/www.fener.org\/index.php\/wp-json\/wp\/v2\/posts"}],"about":[{"href":"https:\/\/www.fener.org\/index.php\/wp-json\/wp\/v2\/types\/post"}],"author":[{"embeddable":true,"href":"https:\/\/www.fener.org\/index.php\/wp-json\/wp\/v2\/users\/1"}],"replies":[{"embeddable":true,"href":"https:\/\/www.fener.org\/index.php\/wp-json\/wp\/v2\/comments?post=8182"}],"version-history":[{"count":1,"href":"https:\/\/www.fener.org\/index.php\/wp-json\/wp\/v2\/posts\/8182\/revisions"}],"predecessor-version":[{"id":8184,"href":"https:\/\/www.fener.org\/index.php\/wp-json\/wp\/v2\/posts\/8182\/revisions\/8184"}],"wp:featuredmedia":[{"embeddable":true,"href":"https:\/\/www.fener.org\/index.php\/wp-json\/wp\/v2\/media\/8183"}],"wp:attachment":[{"href":"https:\/\/www.fener.org\/index.php\/wp-json\/wp\/v2\/media?parent=8182"}],"wp:term":[{"taxonomy":"category","embeddable":true,"href":"https:\/\/www.fener.org\/index.php\/wp-json\/wp\/v2\/categories?post=8182"},{"taxonomy":"post_tag","embeddable":true,"href":"https:\/\/www.fener.org\/index.php\/wp-json\/wp\/v2\/tags?post=8182"}],"curies":[{"name":"wp","href":"https:\/\/api.w.org\/{rel}","templated":true}]}}