{"id":8168,"date":"2019-07-20T00:10:53","date_gmt":"2019-07-19T21:10:53","guid":{"rendered":"https:\/\/www.fener.org\/?p=8168"},"modified":"2019-07-20T00:10:56","modified_gmt":"2019-07-19T21:10:56","slug":"fenerbahce-2-0-bursaspor","status":"publish","type":"post","link":"https:\/\/www.fener.org\/index.php\/2019\/07\/20\/fenerbahce-2-0-bursaspor\/","title":{"rendered":"Fenerbah\u00e7e 2-0 Bursaspor"},"content":{"rendered":"\n<p>Futbolda 2019-2020 sezonu haz\u0131rl\u0131klar\u0131na 1 Temmuz\u2019da ba\u015flayan sar\u0131-lacivertli ekip, sezonun ikinci haz\u0131rl\u0131k ma\u00e7\u0131n\u0131 yapt\u0131. Spor Toto 1. Lig tak\u0131mlar\u0131ndan Bursaspor ile Can Bartu Tesislerimizde kar\u015f\u0131la\u015fan Futbol A Tak\u0131m\u0131m\u0131z, m\u00fccadelenin ilk yar\u0131s\u0131n\u0131 45+2. dakikas\u0131nda yeni transferimiz Vedat Muriqi\u2019nin kaydetti\u011fi golle 1-0 \u00f6nde tamamlad\u0131. \u0130kinci yar\u0131n\u0131n 51. dakikas\u0131nda yine Vedat Muriqi\u2019nin kaydetti\u011fi golle fark\u0131 ikiye \u00e7\u0131karan Fenerbah\u00e7emiz, m\u00fccadeleden 2-0 galip ayr\u0131ld\u0131.<\/p>\n\n\n\n<p>Tak\u0131m\u0131m\u0131z kar\u015f\u0131la\u015fmaya; Harun Tekin, Abd\u00fclcebrail Akbulut, Sad\u0131k \u00c7iftp\u0131nar, Okan Turp, Tolga Ci\u011ferci, Tolgay Arslan, Jailson, Miha Zajc, Alper Potuk, Mehmet Ekici, Vedat Muriqi 11\u2019iyle ba\u015flad\u0131.<\/p>\n\n\n\n<p>\u00d6te yandan Tak\u0131m\u0131m\u0131z\u0131n yeni transferleri Emre Bel\u00f6zo\u011flu, Vedat Muriqi, Max Kruse ve Garry Rodrigues de \u00e7ubuklu formayla ilk ma\u00e7\u0131na \u00e7\u0131kt\u0131.<\/p>\n\n\n\n<p>Yeni sezon haz\u0131rl\u0131klar\u0131na yar\u0131n yapaca\u011f\u0131 antrenmanlarla devam edecek olan Fenerbah\u00e7emiz, 21-25 Temmuz tarihleri aras\u0131nda Avusturya kamp\u0131na gidecek, 29-31 Temmuz tarihleri aras\u0131nda ise Almanya\u2019n\u0131n M\u00fcnih kentinde d\u00fczenlenecek olan Audi Cup\u2019ta m\u00fccadele edecek.<\/p>\n","protected":false},"excerpt":{"rendered":"<p>Futbolda 2019-2020 sezonu haz\u0131rl\u0131klar\u0131na 1 Temmuz\u2019da ba\u015flayan sar\u0131-lacivertli ekip, sezonun ikinci haz\u0131rl\u0131k ma\u00e7\u0131n\u0131 yapt\u0131. Spor Toto 1. Lig tak\u0131mlar\u0131ndan Bursaspor ile Can Bartu Tesislerimizde kar\u015f\u0131la\u015fan Futbol A Tak\u0131m\u0131m\u0131z, m\u00fccadelenin ilk yar\u0131s\u0131n\u0131 45+2. dakikas\u0131nda yeni transferimiz Vedat Muriqi\u2019nin kaydetti\u011fi golle 1-0 \u00f6nde tamamlad\u0131. \u0130kinci yar\u0131n\u0131n 51. dakikas\u0131nda yine Vedat Muriqi\u2019nin kaydetti\u011fi golle fark\u0131 ikiye \u00e7\u0131karan Fenerbah\u00e7emiz, [&hellip;]<\/p>\n","protected":false},"author":1,"featured_media":8169,"comment_status":"closed","ping_status":"closed","sticky":false,"template":"","format":"standard","meta":{"jnews-multi-image_gallery":[],"jnews_single_post":{"subtitle":"Fenerbah\u00e7emiz, yeni sezon haz\u0131rl\u0131klar\u0131 kapsam\u0131nda kar\u015f\u0131la\u015ft\u0131\u011f\u0131 Bursaspor\u2019u Vedat Muriqi\u2019nin golleriyle 2-0 ma\u011flup etti.","format":"standard","video":"","gallery":"","source_name":"","source_url":"","via_name":"","via_url":"","override":[{"single_blog_custom":"","sidebar":"","second_sidebar":"","share_position":"","share_float_style":"","post_date_format":"","post_date_format_custom":"","post_reading_time_wpm":"","number_popup_post":"1"}],"image_override":[{"single_post_thumbnail_size":"","single_post_gallery_size":""}],"trending_post_position":"","trending_post_label":""},"jnews_primary_category":{"id":"4"},"jnews_social_meta":{"fb_title":"","fb_description":"","fb_image":"","twitter_title":"","twitter_description":"","twitter_image":""},"jnews_override_counter":{"view_counter_number":"0","share_counter_number":"0","like_counter_number":"0","dislike_counter_number":"0"},"footnotes":""},"categories":[4,2,47],"tags":[23,54],"class_list":["post-8168","post","type-post","status-publish","format-standard","has-post-thumbnail","hentry","category-futbol","category-haberler","category-profesyonel-a-futbol-takimi","tag-fenerbahce","tag-futbol"],"amp_enabled":true,"_links":{"self":[{"href":"https:\/\/www.fener.org\/index.php\/wp-json\/wp\/v2\/posts\/8168","targetHints":{"allow":["GET"]}}],"collection":[{"href":"https:\/\/www.fener.org\/index.php\/wp-json\/wp\/v2\/posts"}],"about":[{"href":"https:\/\/www.fener.org\/index.php\/wp-json\/wp\/v2\/types\/post"}],"author":[{"embeddable":true,"href":"https:\/\/www.fener.org\/index.php\/wp-json\/wp\/v2\/users\/1"}],"replies":[{"embeddable":true,"href":"https:\/\/www.fener.org\/index.php\/wp-json\/wp\/v2\/comments?post=8168"}],"version-history":[{"count":1,"href":"https:\/\/www.fener.org\/index.php\/wp-json\/wp\/v2\/posts\/8168\/revisions"}],"predecessor-version":[{"id":8170,"href":"https:\/\/www.fener.org\/index.php\/wp-json\/wp\/v2\/posts\/8168\/revisions\/8170"}],"wp:featuredmedia":[{"embeddable":true,"href":"https:\/\/www.fener.org\/index.php\/wp-json\/wp\/v2\/media\/8169"}],"wp:attachment":[{"href":"https:\/\/www.fener.org\/index.php\/wp-json\/wp\/v2\/media?parent=8168"}],"wp:term":[{"taxonomy":"category","embeddable":true,"href":"https:\/\/www.fener.org\/index.php\/wp-json\/wp\/v2\/categories?post=8168"},{"taxonomy":"post_tag","embeddable":true,"href":"https:\/\/www.fener.org\/index.php\/wp-json\/wp\/v2\/tags?post=8168"}],"curies":[{"name":"wp","href":"https:\/\/api.w.org\/{rel}","templated":true}]}}