{"id":8126,"date":"2019-07-14T15:48:07","date_gmt":"2019-07-14T12:48:07","guid":{"rendered":"https:\/\/www.fener.org\/?p=8126"},"modified":"2019-07-14T15:48:10","modified_gmt":"2019-07-14T12:48:10","slug":"boluspor-0-2-fenerbahce","status":"publish","type":"post","link":"https:\/\/www.fener.org\/index.php\/2019\/07\/14\/boluspor-0-2-fenerbahce\/","title":{"rendered":"Boluspor 0-2 Fenerbah\u00e7e"},"content":{"rendered":"\n<p>Futbolda 2019-2020 sezonu haz\u0131rl\u0131klar\u0131na 1 Temmuz\u2019da \u0130stanbul&#8217;da ba\u015flayan sar\u0131-lacivertli ekip, 3 Temmuz&#8217;da ba\u015flad\u0131\u011f\u0131 D\u00fczce kamp\u0131n\u0131n son g\u00fcn\u00fcnde sezonun ilk haz\u0131rl\u0131k ma\u00e7\u0131n\u0131 yapt\u0131. Spor Toto 1. Lig tak\u0131mlar\u0131ndan Boluspor ile Bolu\u2019daki Atat\u00fcrk Stadyumu\u2019nda kar\u015f\u0131la\u015fan Fenerbah\u00e7emiz, m\u00fccadelenin ilk yar\u0131s\u0131n\u0131 9. dakikada Victor Moses\u2019\u0131n kaydetti\u011fi golle 1-0 \u00f6nde tamamlad\u0131. \u0130kinci yar\u0131n\u0131n 65. dakikas\u0131nda Tolga Ci\u011ferci\u2019nin penalt\u0131dan kaydetti\u011fi golle fark\u0131 2\u2019ye \u00e7\u0131karan Futbol A Tak\u0131m\u0131m\u0131z m\u00fccadeleyi bu skorla tamamlad\u0131.<\/p>\n\n\n\n<p>Tak\u0131m\u0131m\u0131z kar\u015f\u0131la\u015fmaya; Berke \u00d6zer, Serdar Aziz, Okan Turp, Murat Sa\u011flam, Abd\u00fclcebrail Akbulut, Ozan Tufan, Mehmet Ekici, Tolgay Arslan, Alper Potuk, Victor Moses, Allahyar Sayyadmanesh  11\u2019iyle ba\u015flad\u0131.<\/p>\n\n\n\n<p>\u00d6te yandan Tak\u0131m\u0131m\u0131z\u0131n yeni transferleri Allahyar Sayyadmanesh, Murat Sa\u011flam ve Okan Turp da \u00e7ubuklu formayla ilk ma\u00e7\u0131na \u00e7\u0131kt\u0131.<\/p>\n\n\n\n<p>Bolu\u2019daki Atat\u00fcrk Stadyumu\u2019nda oynanan m\u00fcsabakay\u0131 Sportif Direkt\u00f6r\u00fcm\u00fcz Damien Comolli de izledi. izledi.<\/p>\n\n\n\n<p>Atat\u00fcrk Stadyumu\u2019ndaki trib\u00fcnleri dolduran taraftarlar\u0131m\u0131z, Teknik Direkt\u00f6r\u00fcm\u00fcz Ersun Yanal ve futbolcular\u0131m\u0131za tezah\u00fcratlar yaparak sevgi g\u00f6sterilerinde bulundu.<\/p>\n\n\n\n<p>Bu ma\u00e7la birlikte yeni sezon haz\u0131rl\u0131klar\u0131n\u0131n D\u00fczce etab\u0131n\u0131 noktalayan Fenerbah\u00e7emiz, 21-25 Temmuz tarihleri aras\u0131nda Avusturya kamp\u0131na gidecek, 29-31 Temmuz tarihleri aras\u0131nda da Almanya\u2019n\u0131n M\u00fcnih kentinde d\u00fczenlenecek olan Audi Cup\u2019ta m\u00fccadele edecek.<\/p>\n","protected":false},"excerpt":{"rendered":"<p>Futbolda 2019-2020 sezonu haz\u0131rl\u0131klar\u0131na 1 Temmuz\u2019da \u0130stanbul&#8217;da ba\u015flayan sar\u0131-lacivertli ekip, 3 Temmuz&#8217;da ba\u015flad\u0131\u011f\u0131 D\u00fczce kamp\u0131n\u0131n son g\u00fcn\u00fcnde sezonun ilk haz\u0131rl\u0131k ma\u00e7\u0131n\u0131 yapt\u0131. Spor Toto 1. Lig tak\u0131mlar\u0131ndan Boluspor ile Bolu\u2019daki Atat\u00fcrk Stadyumu\u2019nda kar\u015f\u0131la\u015fan Fenerbah\u00e7emiz, m\u00fccadelenin ilk yar\u0131s\u0131n\u0131 9. dakikada Victor Moses\u2019\u0131n kaydetti\u011fi golle 1-0 \u00f6nde tamamlad\u0131. \u0130kinci yar\u0131n\u0131n 65. dakikas\u0131nda Tolga Ci\u011ferci\u2019nin penalt\u0131dan kaydetti\u011fi golle [&hellip;]<\/p>\n","protected":false},"author":1,"featured_media":8127,"comment_status":"closed","ping_status":"closed","sticky":false,"template":"","format":"standard","meta":{"jnews-multi-image_gallery":[],"jnews_single_post":{"subtitle":"Fenerbah\u00e7emiz, yeni sezon haz\u0131rl\u0131klar\u0131 kapsam\u0131nda kar\u015f\u0131la\u015ft\u0131\u011f\u0131 Boluspor\u2019u 2-0 ma\u011flup etti.","format":"standard","video":"","gallery":"","source_name":"","source_url":"","via_name":"","via_url":"","override":[{"single_blog_custom":"","sidebar":"","second_sidebar":"","share_position":"","share_float_style":"","post_date_format":"","post_date_format_custom":"","post_reading_time_wpm":"","number_popup_post":"1"}],"image_override":[{"single_post_thumbnail_size":"","single_post_gallery_size":""}],"trending_post_position":"","trending_post_label":""},"jnews_primary_category":{"id":"4"},"jnews_social_meta":{"fb_title":"","fb_description":"","fb_image":"","twitter_title":"","twitter_description":"","twitter_image":""},"jnews_override_counter":{"view_counter_number":"0","share_counter_number":"0","like_counter_number":"0","dislike_counter_number":"0"},"footnotes":""},"categories":[4,2,47],"tags":[23,54],"class_list":["post-8126","post","type-post","status-publish","format-standard","has-post-thumbnail","hentry","category-futbol","category-haberler","category-profesyonel-a-futbol-takimi","tag-fenerbahce","tag-futbol"],"amp_enabled":true,"_links":{"self":[{"href":"https:\/\/www.fener.org\/index.php\/wp-json\/wp\/v2\/posts\/8126","targetHints":{"allow":["GET"]}}],"collection":[{"href":"https:\/\/www.fener.org\/index.php\/wp-json\/wp\/v2\/posts"}],"about":[{"href":"https:\/\/www.fener.org\/index.php\/wp-json\/wp\/v2\/types\/post"}],"author":[{"embeddable":true,"href":"https:\/\/www.fener.org\/index.php\/wp-json\/wp\/v2\/users\/1"}],"replies":[{"embeddable":true,"href":"https:\/\/www.fener.org\/index.php\/wp-json\/wp\/v2\/comments?post=8126"}],"version-history":[{"count":1,"href":"https:\/\/www.fener.org\/index.php\/wp-json\/wp\/v2\/posts\/8126\/revisions"}],"predecessor-version":[{"id":8128,"href":"https:\/\/www.fener.org\/index.php\/wp-json\/wp\/v2\/posts\/8126\/revisions\/8128"}],"wp:featuredmedia":[{"embeddable":true,"href":"https:\/\/www.fener.org\/index.php\/wp-json\/wp\/v2\/media\/8127"}],"wp:attachment":[{"href":"https:\/\/www.fener.org\/index.php\/wp-json\/wp\/v2\/media?parent=8126"}],"wp:term":[{"taxonomy":"category","embeddable":true,"href":"https:\/\/www.fener.org\/index.php\/wp-json\/wp\/v2\/categories?post=8126"},{"taxonomy":"post_tag","embeddable":true,"href":"https:\/\/www.fener.org\/index.php\/wp-json\/wp\/v2\/tags?post=8126"}],"curies":[{"name":"wp","href":"https:\/\/api.w.org\/{rel}","templated":true}]}}