{"id":8112,"date":"2019-07-11T07:55:58","date_gmt":"2019-07-11T04:55:58","guid":{"rendered":"https:\/\/www.fener.org\/?p=8112"},"modified":"2019-07-11T07:56:02","modified_gmt":"2019-07-11T04:56:02","slug":"eda-tugsuzdan-bronz-madalya-2","status":"publish","type":"post","link":"https:\/\/www.fener.org\/index.php\/2019\/07\/11\/eda-tugsuzdan-bronz-madalya-2\/","title":{"rendered":"Eda Tu\u011fsuz&#8217;dan bronz madalya"},"content":{"rendered":"\n<p>Atletizm m\u00fcsabakalar\u0131n\u0131n \u00fc\u00e7\u00fcnc\u00fc g\u00fcn\u00fcnde cirit atma finalini 59.75 derecelik at\u0131\u015f\u0131yla tamamlayan Eda Tu\u011fsuz, k\u00fcrs\u00fcn\u00fcn \u00fc\u00e7\u00fcnc\u00fc basama\u011f\u0131na \u00e7\u0131kt\u0131 ve bronz madalyan\u0131n sahibi oldu.<\/p>\n\n\n\n<p>Litvanyal\u0131 Liveta Jasiunaite\u2019n\u0131n 60.36\u2019l\u0131k derecesiyle ilk s\u0131rada tamamlad\u0131\u011f\u0131 yar\u0131\u015f\u0131 Japon Haruka Kitaguchi ise 60.15 ile ikinci s\u0131rada bitirdi.<\/p>\n\n\n\n<p>Avrupa K\u0131\u015f Kupas\u0131\u2019nda yapt\u0131\u011f\u0131 64.83\u2019l\u00fck at\u0131\u015f\u0131yla d\u00fcnya listesinde alt\u0131nc\u0131 durumda bulunan Fenerbah\u00e7eli Avrupa \u015eampiyonu milli atletimiz Eda Tu\u011fsuz, Roma\u2019da ger\u00e7ekle\u015ftirilen Diamond League (Elmas Lig) d\u00f6rd\u00fcnc\u00fc aya\u011f\u0131nda cirit atmada 64.51\u2019lik at\u0131\u015f\u0131yla ikinci olarak 2020 Tokyo Olimpiyat Oyunlar\u0131&#8217;na kat\u0131lmaya hak kazanm\u0131\u015ft\u0131.<\/p>\n","protected":false},"excerpt":{"rendered":"<p>Atletizm m\u00fcsabakalar\u0131n\u0131n \u00fc\u00e7\u00fcnc\u00fc g\u00fcn\u00fcnde cirit atma finalini 59.75 derecelik at\u0131\u015f\u0131yla tamamlayan Eda Tu\u011fsuz, k\u00fcrs\u00fcn\u00fcn \u00fc\u00e7\u00fcnc\u00fc basama\u011f\u0131na \u00e7\u0131kt\u0131 ve bronz madalyan\u0131n sahibi oldu. Litvanyal\u0131 Liveta Jasiunaite\u2019n\u0131n 60.36\u2019l\u0131k derecesiyle ilk s\u0131rada tamamlad\u0131\u011f\u0131 yar\u0131\u015f\u0131 Japon Haruka Kitaguchi ise 60.15 ile ikinci s\u0131rada bitirdi. Avrupa K\u0131\u015f Kupas\u0131\u2019nda yapt\u0131\u011f\u0131 64.83\u2019l\u00fck at\u0131\u015f\u0131yla d\u00fcnya listesinde alt\u0131nc\u0131 durumda bulunan Fenerbah\u00e7eli Avrupa \u015eampiyonu milli [&hellip;]<\/p>\n","protected":false},"author":1,"featured_media":8113,"comment_status":"closed","ping_status":"closed","sticky":false,"template":"","format":"standard","meta":{"jnews-multi-image_gallery":[],"jnews_single_post":{"subtitle":"\u0130talya'n\u0131n Napoli \u015fehrinde ger\u00e7ekle\u015ftirilen 30. \u00dcniversite Oyunlar\u0131'nda Fenerbah\u00e7eli milli atlet Eda Tu\u011fsuz bronz madalya kazand\u0131.","format":"standard","video":"","gallery":"","source_name":"","source_url":"","via_name":"","via_url":"","override":[{"single_blog_custom":"","sidebar":"","second_sidebar":"","share_position":"","share_float_style":"","post_date_format":"","post_date_format_custom":"","post_reading_time_wpm":"","number_popup_post":"1"}],"image_override":[{"single_post_thumbnail_size":"","single_post_gallery_size":""}],"trending_post_position":"","trending_post_label":""},"jnews_primary_category":{"id":"13"},"jnews_social_meta":{"fb_title":"","fb_description":"","fb_image":"","twitter_title":"","twitter_description":"","twitter_image":""},"jnews_override_counter":{"view_counter_number":"0","share_counter_number":"0","like_counter_number":"0","dislike_counter_number":"0"},"footnotes":""},"categories":[13,2],"tags":[32,23],"class_list":["post-8112","post","type-post","status-publish","format-standard","has-post-thumbnail","hentry","category-atletizm","category-haberler","tag-atletizm","tag-fenerbahce"],"amp_enabled":true,"_links":{"self":[{"href":"https:\/\/www.fener.org\/index.php\/wp-json\/wp\/v2\/posts\/8112","targetHints":{"allow":["GET"]}}],"collection":[{"href":"https:\/\/www.fener.org\/index.php\/wp-json\/wp\/v2\/posts"}],"about":[{"href":"https:\/\/www.fener.org\/index.php\/wp-json\/wp\/v2\/types\/post"}],"author":[{"embeddable":true,"href":"https:\/\/www.fener.org\/index.php\/wp-json\/wp\/v2\/users\/1"}],"replies":[{"embeddable":true,"href":"https:\/\/www.fener.org\/index.php\/wp-json\/wp\/v2\/comments?post=8112"}],"version-history":[{"count":1,"href":"https:\/\/www.fener.org\/index.php\/wp-json\/wp\/v2\/posts\/8112\/revisions"}],"predecessor-version":[{"id":8114,"href":"https:\/\/www.fener.org\/index.php\/wp-json\/wp\/v2\/posts\/8112\/revisions\/8114"}],"wp:featuredmedia":[{"embeddable":true,"href":"https:\/\/www.fener.org\/index.php\/wp-json\/wp\/v2\/media\/8113"}],"wp:attachment":[{"href":"https:\/\/www.fener.org\/index.php\/wp-json\/wp\/v2\/media?parent=8112"}],"wp:term":[{"taxonomy":"category","embeddable":true,"href":"https:\/\/www.fener.org\/index.php\/wp-json\/wp\/v2\/categories?post=8112"},{"taxonomy":"post_tag","embeddable":true,"href":"https:\/\/www.fener.org\/index.php\/wp-json\/wp\/v2\/tags?post=8112"}],"curies":[{"name":"wp","href":"https:\/\/api.w.org\/{rel}","templated":true}]}}