{"id":8091,"date":"2019-07-09T06:57:11","date_gmt":"2019-07-09T03:57:11","guid":{"rendered":"https:\/\/www.fener.org\/?p=8091"},"modified":"2019-07-09T06:57:15","modified_gmt":"2019-07-09T03:57:15","slug":"altay-bayindir-fenerbahcede","status":"publish","type":"post","link":"https:\/\/www.fener.org\/index.php\/2019\/07\/09\/altay-bayindir-fenerbahcede\/","title":{"rendered":"Altay Bay\u0131nd\u0131r Fenerbah\u00e7e&#8217;de"},"content":{"rendered":"\n<p>Sar\u0131-lacivertli kul\u00fcb\u00fcm\u00fcz, Ankarag\u00fcc\u00fc formas\u0131 giyen 21 ya\u015f\u0131ndaki file bek\u00e7isi Altay Bay\u0131nd\u0131r&#8217;\u0131 4 y\u0131ll\u0131\u011f\u0131na kadrosuna katt\u0131\u011f\u0131n\u0131 a\u00e7\u0131klad\u0131.<\/p>\n\n\n\n<p>Ankarag\u00fcc\u00fc Ba\u015fkan\u0131 Mehmet Yi\u011finer, daha \u00f6nce Fenerbah\u00e7e ile 1.5 milyon euro bonservis bedeli kar\u015f\u0131l\u0131\u011f\u0131nda anla\u015fmaya vard\u0131klar\u0131n\u0131 ifade etmi\u015fti.<\/p>\n\n\n\n<p>T\u00fcrkiye U21 formas\u0131 giyen 1998 do\u011fumlu gen\u00e7 file bek\u00e7isi, bu sezon Spor Toto S\u00fcper Lig ve Ziraat T\u00fcrkiye Kupas\u0131 olmak \u00fczere 19 kez Ankarag\u00fcc\u00fc formas\u0131yla m\u00fccadele etti.<\/p>\n\n\n\n<p>Oyuncumuzun Fenerbah\u00e7e \u015e\u00fckr\u00fc Saraco\u011flu Spor Kompleksi\u2019ndeki imzas\u0131nda Y\u00f6netim Kurulu \u00dcyemiz Selahattin Baki ve Sportif Direkt\u00f6r\u00fcm\u00fcz Damien Comolli de haz\u0131r bulundu.<\/p>\n\n\n\n<p>Kul\u00fcb\u00fcm\u00fcz\u00fcn resmi internet sitesinde transferle ilgili yay\u0131nlanan bilgilendirme \u015f\u00f6yle:<\/p>\n\n\n\n<blockquote class=\"wp-block-quote is-layout-flow wp-block-quote-is-layout-flow\"><p>Kul\u00fcb\u00fcm\u00fcz, Ankarag\u00fcc\u00fc formas\u0131 giyen Altay Bay\u0131nd\u0131r ve kul\u00fcb\u00fc ile yap\u0131lan g\u00f6r\u00fc\u015fmeler sonunda anla\u015fma sa\u011flam\u0131\u015ft\u0131r.<\/p><p>Formam\u0131z\u0131, gelecek 4 y\u0131l boyunca ba\u015far\u0131yla ta\u015f\u0131yaca\u011f\u0131na inand\u0131\u011f\u0131m\u0131z 21 ya\u015f\u0131ndaki gen\u00e7 kalecimize ailemize ho\u015f geldin diyor; Fenerbah\u00e7e\u2019miz ile nice zaferler diliyoruz.<\/p><p><strong>Fenerbah\u00e7e Spor Kul\u00fcb\u00fc<\/strong><\/p><\/blockquote>\n","protected":false},"excerpt":{"rendered":"<p>Sar\u0131-lacivertli kul\u00fcb\u00fcm\u00fcz, Ankarag\u00fcc\u00fc formas\u0131 giyen 21 ya\u015f\u0131ndaki file bek\u00e7isi Altay Bay\u0131nd\u0131r&#8217;\u0131 4 y\u0131ll\u0131\u011f\u0131na kadrosuna katt\u0131\u011f\u0131n\u0131 a\u00e7\u0131klad\u0131. Ankarag\u00fcc\u00fc Ba\u015fkan\u0131 Mehmet Yi\u011finer, daha \u00f6nce Fenerbah\u00e7e ile 1.5 milyon euro bonservis bedeli kar\u015f\u0131l\u0131\u011f\u0131nda anla\u015fmaya vard\u0131klar\u0131n\u0131 ifade etmi\u015fti. T\u00fcrkiye U21 formas\u0131 giyen 1998 do\u011fumlu gen\u00e7 file bek\u00e7isi, bu sezon Spor Toto S\u00fcper Lig ve Ziraat T\u00fcrkiye Kupas\u0131 olmak \u00fczere [&hellip;]<\/p>\n","protected":false},"author":1,"featured_media":8093,"comment_status":"closed","ping_status":"closed","sticky":false,"template":"","format":"standard","meta":{"jnews-multi-image_gallery":[],"jnews_single_post":{"subtitle":"Fenerbah\u00e7emiz, Ankarag\u00fcc\u00fc'nde forma giyen kaleci Altay Bay\u0131nd\u0131r'\u0131 renklerine ba\u011flad\u0131\u011f\u0131n\u0131 a\u00e7\u0131klad\u0131.","format":"standard","video":"","gallery":"","source_name":"","source_url":"","via_name":"","via_url":"","override":[{"single_blog_custom":"","sidebar":"","second_sidebar":"","share_position":"","share_float_style":"","post_date_format":"","post_date_format_custom":"","post_reading_time_wpm":"","number_popup_post":"1"}],"image_override":[{"single_post_thumbnail_size":"","single_post_gallery_size":""}],"trending_post_position":"","trending_post_label":""},"jnews_primary_category":{"id":"4"},"jnews_social_meta":{"fb_title":"","fb_description":"","fb_image":"","twitter_title":"","twitter_description":"","twitter_image":""},"jnews_override_counter":{"view_counter_number":"0","share_counter_number":"0","like_counter_number":"0","dislike_counter_number":"0"},"footnotes":""},"categories":[4,2,47],"tags":[181,23,54],"class_list":["post-8091","post","type-post","status-publish","format-standard","has-post-thumbnail","hentry","category-futbol","category-haberler","category-profesyonel-a-futbol-takimi","tag-altaybayindir","tag-fenerbahce","tag-futbol"],"amp_enabled":true,"_links":{"self":[{"href":"https:\/\/www.fener.org\/index.php\/wp-json\/wp\/v2\/posts\/8091","targetHints":{"allow":["GET"]}}],"collection":[{"href":"https:\/\/www.fener.org\/index.php\/wp-json\/wp\/v2\/posts"}],"about":[{"href":"https:\/\/www.fener.org\/index.php\/wp-json\/wp\/v2\/types\/post"}],"author":[{"embeddable":true,"href":"https:\/\/www.fener.org\/index.php\/wp-json\/wp\/v2\/users\/1"}],"replies":[{"embeddable":true,"href":"https:\/\/www.fener.org\/index.php\/wp-json\/wp\/v2\/comments?post=8091"}],"version-history":[{"count":1,"href":"https:\/\/www.fener.org\/index.php\/wp-json\/wp\/v2\/posts\/8091\/revisions"}],"predecessor-version":[{"id":8094,"href":"https:\/\/www.fener.org\/index.php\/wp-json\/wp\/v2\/posts\/8091\/revisions\/8094"}],"wp:featuredmedia":[{"embeddable":true,"href":"https:\/\/www.fener.org\/index.php\/wp-json\/wp\/v2\/media\/8093"}],"wp:attachment":[{"href":"https:\/\/www.fener.org\/index.php\/wp-json\/wp\/v2\/media?parent=8091"}],"wp:term":[{"taxonomy":"category","embeddable":true,"href":"https:\/\/www.fener.org\/index.php\/wp-json\/wp\/v2\/categories?post=8091"},{"taxonomy":"post_tag","embeddable":true,"href":"https:\/\/www.fener.org\/index.php\/wp-json\/wp\/v2\/tags?post=8091"}],"curies":[{"name":"wp","href":"https:\/\/api.w.org\/{rel}","templated":true}]}}