{"id":8074,"date":"2019-07-07T21:44:08","date_gmt":"2019-07-07T18:44:08","guid":{"rendered":"https:\/\/www.fener.org\/?p=8074"},"modified":"2019-07-07T21:44:12","modified_gmt":"2019-07-07T18:44:12","slug":"vedat-muriqi-fenerbahcede","status":"publish","type":"post","link":"https:\/\/www.fener.org\/index.php\/2019\/07\/07\/vedat-muriqi-fenerbahcede\/","title":{"rendered":"Vedat Muriqi Fenerbah\u00e7e&#8217;de"},"content":{"rendered":"\n<p>Transferi uzun zamand\u0131r konu\u015fulan Kosoval\u0131 golc\u00fc Vedat Muriqi&#8217;nin yeni adresi Fenerbah\u00e7e oldu.<\/p>\n\n\n\n<p>Fenerbah\u00e7emiz, Kosoval\u0131 golc\u00fcy\u00fc renklerine ba\u011flad\u0131. Sar\u0131-lacivertli kul\u00fcp, 25 ya\u015f\u0131ndaki futbolcuyu 4 y\u0131ll\u0131\u011f\u0131na kadrosuna dahil etti.<\/p>\n\n\n\n<p>Rizespor Ba\u015fkan\u0131 Hasan Kartal, Fenerbah\u00e7e ile anla\u015ft\u0131klar\u0131n\u0131 golc\u00fc futbolcuya iletti. Bu geli\u015fmenin ard\u0131ndan Vedat Muriqi&#8217;nin menajeri, Fenerbah\u00e7e y\u00f6neticileri ile bir araya geldi. G\u00f6r\u00fc\u015fmede anla\u015fma sa\u011fland\u0131.<\/p>\n\n\n\n<p>Ge\u00e7ti\u011fimiz sezon ortaya koydu\u011fu performansla y\u0131ld\u0131z\u0131 parlayan 25 ya\u015f\u0131ndaki futbolcu, Spor Toto S\u00fcper Lig&#8217;de forma giydi\u011fi 34 ma\u00e7ta 17 gol at\u0131p, 8 asist yapm\u0131\u015ft\u0131.<\/p>\n\n\n\n<p>Kul\u00fcb\u00fcm\u00fcz\u00fcn resmi internet sitesinde transfelerle ilgili \u015fu ifadelere yer verildi:<\/p>\n\n\n\n<blockquote class=\"wp-block-quote is-layout-flow wp-block-quote-is-layout-flow\"><p>S\u00fcper Lig ekiplerinden \u00c7aykur Rizespor\u2019da forma giyen Vedat Muriqi konusunda, kul\u00fcb\u00fc ve kendisiyle UEFA transfer prosed\u00fcrleri \u00e7er\u00e7evesinde yap\u0131lan g\u00f6r\u00fc\u015fmeler sonucu anla\u015fma sa\u011flanm\u0131\u015ft\u0131r.<\/p><p>Yap\u0131lacak sa\u011fl\u0131k kontrollerinin ard\u0131ndan futbolcu renklerimize ba\u011flanacakt\u0131r.<\/p><p>\u00d6n\u00fcm\u00fczdeki 4 y\u0131l formam\u0131z\u0131 gururla ta\u015f\u0131yacak 1994 do\u011fumlu Kosoval\u0131 forvete T\u00fcrkiye\u2019nin en b\u00fcy\u00fck ailesine ho\u015f geldin diyor; \u015fimdiden Fenerbah\u00e7emiz ile nice ba\u015far\u0131lar diliyoruz.<\/p><p><strong>Fenerbah\u00e7e Spor Kul\u00fcb\u00fc<\/strong><\/p><\/blockquote>\n\n\n\n<p>Kul\u00fcb\u00fcm\u00fcz, transfer i\u00e7in \u00c7aykur Rizespor&#8217;a 3,5 milyon euro bonservis \u00f6deyecek. Fenerbah\u00e7e bu \u00fccretin yan\u0131 s\u0131ra ayr\u0131ca Karadeniz ekibine 2&#8217;si kiral\u0131k, 2&#8217;si bonservisiyle olmak \u00fczere 4 oyuncu verecek.<\/p>\n\n\n\n<p>O\u011fuz Ka\u011fan G\u00fc\u00e7tekin, kiral\u0131k olarak \u00c7aykur Rizespor&#8217;un yolunu tutacak. Di\u011fer \u00fc\u00e7 oyuncunun kimler olaca\u011f\u0131 ise \u00c7aykur Rizespor&#8217;un karar\u0131 sonras\u0131 netlik kazanacak.<\/p>\n\n\n\n<p>Transferi s\u00f6z konusu gen\u00e7 oyuncular aras\u0131nda Abdulcebrail Akbulut, Tar\u0131k \u00c7etin, Burak Albayrak ve Mahsun \u00c7apkan bulunuyor.<\/p>\n","protected":false},"excerpt":{"rendered":"<p>Transferi uzun zamand\u0131r konu\u015fulan Kosoval\u0131 golc\u00fc Vedat Muriqi&#8217;nin yeni adresi Fenerbah\u00e7e oldu. Fenerbah\u00e7emiz, Kosoval\u0131 golc\u00fcy\u00fc renklerine ba\u011flad\u0131. Sar\u0131-lacivertli kul\u00fcp, 25 ya\u015f\u0131ndaki futbolcuyu 4 y\u0131ll\u0131\u011f\u0131na kadrosuna dahil etti. Rizespor Ba\u015fkan\u0131 Hasan Kartal, Fenerbah\u00e7e ile anla\u015ft\u0131klar\u0131n\u0131 golc\u00fc futbolcuya iletti. Bu geli\u015fmenin ard\u0131ndan Vedat Muriqi&#8217;nin menajeri, Fenerbah\u00e7e y\u00f6neticileri ile bir araya geldi. G\u00f6r\u00fc\u015fmede anla\u015fma sa\u011fland\u0131. Ge\u00e7ti\u011fimiz sezon ortaya [&hellip;]<\/p>\n","protected":false},"author":1,"featured_media":8075,"comment_status":"closed","ping_status":"closed","sticky":false,"template":"","format":"standard","meta":{"jnews-multi-image_gallery":[],"jnews_single_post":{"subtitle":"Fenerbah\u00e7emiz, \u00c7aykur Rizespor\u2019da forma giyen Vedat Muriqi ile her konuda anla\u015ft\u0131 ve Kosoval\u0131 futbolcuyu 4 y\u0131ll\u0131\u011f\u0131na renklerine ba\u011flad\u0131.","format":"standard","video":"","gallery":"","source_name":"","source_url":"","via_name":"","via_url":"","override":[{"single_blog_custom":"","sidebar":"","second_sidebar":"","share_position":"","share_float_style":"","post_date_format":"","post_date_format_custom":"","post_reading_time_wpm":"","number_popup_post":"1"}],"image_override":[{"single_post_thumbnail_size":"","single_post_gallery_size":""}],"trending_post_position":"","trending_post_label":""},"jnews_primary_category":{"id":"4"},"jnews_social_meta":{"fb_title":"","fb_description":"","fb_image":"","twitter_title":"","twitter_description":"","twitter_image":""},"jnews_override_counter":{"view_counter_number":"0","share_counter_number":"0","like_counter_number":"0","dislike_counter_number":"0"},"footnotes":""},"categories":[4,2,47],"tags":[23,54],"class_list":["post-8074","post","type-post","status-publish","format-standard","has-post-thumbnail","hentry","category-futbol","category-haberler","category-profesyonel-a-futbol-takimi","tag-fenerbahce","tag-futbol"],"amp_enabled":true,"_links":{"self":[{"href":"https:\/\/www.fener.org\/index.php\/wp-json\/wp\/v2\/posts\/8074","targetHints":{"allow":["GET"]}}],"collection":[{"href":"https:\/\/www.fener.org\/index.php\/wp-json\/wp\/v2\/posts"}],"about":[{"href":"https:\/\/www.fener.org\/index.php\/wp-json\/wp\/v2\/types\/post"}],"author":[{"embeddable":true,"href":"https:\/\/www.fener.org\/index.php\/wp-json\/wp\/v2\/users\/1"}],"replies":[{"embeddable":true,"href":"https:\/\/www.fener.org\/index.php\/wp-json\/wp\/v2\/comments?post=8074"}],"version-history":[{"count":2,"href":"https:\/\/www.fener.org\/index.php\/wp-json\/wp\/v2\/posts\/8074\/revisions"}],"predecessor-version":[{"id":8077,"href":"https:\/\/www.fener.org\/index.php\/wp-json\/wp\/v2\/posts\/8074\/revisions\/8077"}],"wp:featuredmedia":[{"embeddable":true,"href":"https:\/\/www.fener.org\/index.php\/wp-json\/wp\/v2\/media\/8075"}],"wp:attachment":[{"href":"https:\/\/www.fener.org\/index.php\/wp-json\/wp\/v2\/media?parent=8074"}],"wp:term":[{"taxonomy":"category","embeddable":true,"href":"https:\/\/www.fener.org\/index.php\/wp-json\/wp\/v2\/categories?post=8074"},{"taxonomy":"post_tag","embeddable":true,"href":"https:\/\/www.fener.org\/index.php\/wp-json\/wp\/v2\/tags?post=8074"}],"curies":[{"name":"wp","href":"https:\/\/api.w.org\/{rel}","templated":true}]}}