{"id":8016,"date":"2019-06-26T08:00:36","date_gmt":"2019-06-26T05:00:36","guid":{"rendered":"https:\/\/www.fener.org\/?p=8016"},"modified":"2019-06-26T08:00:40","modified_gmt":"2019-06-26T05:00:40","slug":"genc-erkekler-turkiye-sampiyonasi-basliyor","status":"publish","type":"post","link":"https:\/\/www.fener.org\/index.php\/2019\/06\/26\/genc-erkekler-turkiye-sampiyonasi-basliyor\/","title":{"rendered":"Gen\u00e7 Erkekler T\u00fcrkiye \u015eampiyonas\u0131 ba\u015fl\u0131yor"},"content":{"rendered":"\n<p>Voleybol Altyap\u0131 Gen\u00e7 Erkekler T\u00fcrkiye \u015eampiyonas\u0131 26 Haziran 2 Temmuz tarihleri aras\u0131nda Ankara\u2019da yap\u0131lacak. Selim S\u0131rr\u0131 Tarcan Voleybol Salonu\u2019nda yap\u0131lacak \u015fampiyonada B Grubu\u2019nda m\u00fccadele edecek Ekibimizin ma\u00e7 program\u0131 \u015f\u00f6yle: <\/p>\n\n\n\n<p>26 HAZ\u0130RAN &#8211; 13:00 &#8211; <strong>FENERBAH\u00c7E <\/strong>&#8211; TFL ALTEKMA<br> 27 HAZ\u0130RAN &#8211; 13:00 &#8211; MEL\u0130KGAZ\u0130 BLD. &#8211; <strong>FENERBAH\u00c7E<\/strong><br> 28 HAZ\u0130RAN &#8211; 13:00 &#8211; HALKBANK &#8211; <strong>FENERBAH\u00c7E<\/strong><\/p>\n","protected":false},"excerpt":{"rendered":"<p>Voleybol Altyap\u0131 Gen\u00e7 Erkekler T\u00fcrkiye \u015eampiyonas\u0131 26 Haziran 2 Temmuz tarihleri aras\u0131nda Ankara\u2019da yap\u0131lacak. Selim S\u0131rr\u0131 Tarcan Voleybol Salonu\u2019nda yap\u0131lacak \u015fampiyonada B Grubu\u2019nda m\u00fccadele edecek Ekibimizin ma\u00e7 program\u0131 \u015f\u00f6yle: 26 HAZ\u0130RAN &#8211; 13:00 &#8211; FENERBAH\u00c7E &#8211; TFL ALTEKMA 27 HAZ\u0130RAN &#8211; 13:00 &#8211; MEL\u0130KGAZ\u0130 BLD. &#8211; FENERBAH\u00c7E 28 HAZ\u0130RAN &#8211; 13:00 &#8211; HALKBANK &#8211; FENERBAH\u00c7E<\/p>\n","protected":false},"author":1,"featured_media":1285,"comment_status":"closed","ping_status":"closed","sticky":false,"template":"","format":"standard","meta":{"jnews-multi-image_gallery":[],"jnews_single_post":{"subtitle":"","format":"standard","video":"","gallery":"","source_name":"","source_url":"","via_name":"","via_url":"","override":[{"single_blog_custom":"","sidebar":"","second_sidebar":"","share_position":"","share_float_style":"","post_date_format":"","post_date_format_custom":"","post_reading_time_wpm":"","number_popup_post":"1"}],"image_override":[{"single_post_thumbnail_size":"","single_post_gallery_size":""}],"trending_post_position":"","trending_post_label":""},"jnews_primary_category":{"id":"8"},"jnews_social_meta":{"fb_title":"","fb_description":"","fb_image":"","twitter_title":"","twitter_description":"","twitter_image":""},"jnews_override_counter":{"view_counter_number":"0","share_counter_number":"0","like_counter_number":"0","dislike_counter_number":"0"},"footnotes":""},"categories":[9,2,8],"tags":[23,29],"class_list":["post-8016","post","type-post","status-publish","format-standard","has-post-thumbnail","hentry","category-erkek-voleybol","category-haberler","category-voleybol","tag-fenerbahce","tag-voleybol"],"amp_enabled":true,"_links":{"self":[{"href":"https:\/\/www.fener.org\/index.php\/wp-json\/wp\/v2\/posts\/8016","targetHints":{"allow":["GET"]}}],"collection":[{"href":"https:\/\/www.fener.org\/index.php\/wp-json\/wp\/v2\/posts"}],"about":[{"href":"https:\/\/www.fener.org\/index.php\/wp-json\/wp\/v2\/types\/post"}],"author":[{"embeddable":true,"href":"https:\/\/www.fener.org\/index.php\/wp-json\/wp\/v2\/users\/1"}],"replies":[{"embeddable":true,"href":"https:\/\/www.fener.org\/index.php\/wp-json\/wp\/v2\/comments?post=8016"}],"version-history":[{"count":1,"href":"https:\/\/www.fener.org\/index.php\/wp-json\/wp\/v2\/posts\/8016\/revisions"}],"predecessor-version":[{"id":8017,"href":"https:\/\/www.fener.org\/index.php\/wp-json\/wp\/v2\/posts\/8016\/revisions\/8017"}],"wp:featuredmedia":[{"embeddable":true,"href":"https:\/\/www.fener.org\/index.php\/wp-json\/wp\/v2\/media\/1285"}],"wp:attachment":[{"href":"https:\/\/www.fener.org\/index.php\/wp-json\/wp\/v2\/media?parent=8016"}],"wp:term":[{"taxonomy":"category","embeddable":true,"href":"https:\/\/www.fener.org\/index.php\/wp-json\/wp\/v2\/categories?post=8016"},{"taxonomy":"post_tag","embeddable":true,"href":"https:\/\/www.fener.org\/index.php\/wp-json\/wp\/v2\/tags?post=8016"}],"curies":[{"name":"wp","href":"https:\/\/api.w.org\/{rel}","templated":true}]}}