{"id":8013,"date":"2019-06-26T07:57:51","date_gmt":"2019-06-26T04:57:51","guid":{"rendered":"https:\/\/www.fener.org\/?p=8013"},"modified":"2019-06-26T07:57:56","modified_gmt":"2019-06-26T04:57:56","slug":"genc-atletlerimizden-turkiye-rekoru","status":"publish","type":"post","link":"https:\/\/www.fener.org\/index.php\/2019\/06\/26\/genc-atletlerimizden-turkiye-rekoru\/","title":{"rendered":"Gen\u00e7 atletlerimizden T\u00fcrkiye rekoru"},"content":{"rendered":"\n<p>T\u00fcrkiye U20 ve U23 Atletizm \u015eampiyonas\u0131\u2019nda piste \u00e7\u0131kan sporcular\u0131m\u0131z, 2&#8217;si T\u00fcrkiye rekoru ba\u015fta olmak \u00fczere&nbsp;\u00e7ok say\u0131da ba\u015far\u0131l\u0131 derecelere imza att\u0131.<\/p>\n\n\n\n<p>24-25 Haziran tarihlerinde Bursa\u2019da yap\u0131lan ferdi yar\u0131\u015flarda&nbsp;600\u2019den fazla atlet yar\u0131\u015f\u0131rken, Fenerbah\u00e7eli sporcular s\u0131r\u0131kla atlamada 2 T\u00fcrkiye rekoru k\u0131rd\u0131.<\/p>\n\n\n\n<p>\u015eampiyonan\u0131n ilk g\u00fcn\u00fcnde s\u0131r\u0131kla atlama U20 kad\u0131nlar m\u00fccadelesini kazanan Mesure Tutku Y\u0131lmaz, 4.22\u2019lik y\u00fcksekli\u011fi ikinci hakk\u0131nda ge\u00e7ti ve U20 T\u00fcrkiye rekorunu yeniledi. Bu ya\u015f grubunda eski rekor, 4.21 ile Demet Parlak\u2019a aitti.<br><br>\u0130kinci g\u00fcnde yap\u0131lan erkekler U23 m\u00fcsabakas\u0131nda ise sahneye Ersu \u015ea\u015fma \u00e7\u0131kt\u0131. Ge\u00e7en hafta S\u00fcper Lig\u2019de 5.50\u2019yi deneyen ancak ba\u015far\u0131l\u0131 olamayan Ersu, bu kez 5.45 atlayarak kendisine ait U23 T\u00fcrkiye rekorunu 5 santimetre geli\u015ftirdi.<br><br>Sporcular\u0131m\u0131z\u0131n elde ettikleri di\u011fer ba\u015far\u0131l\u0131 sonu\u00e7lar ise \u015f\u00f6yle:<\/p>\n\n\n\n<p><strong>U23 ERKEKLER<\/strong><br><strong>B\u0130R\u0130NC\u0130LER<\/strong><br>1500 METRE:&nbsp;ABDULLAH \u00d6ZDEM\u0130R<br>110 METRE&nbsp;ENGELL\u0130:&nbsp;FURKAN AKTA\u015e<br>Y\u00dcKSEK ATLAMA:&nbsp;ENES TALHA \u015eENSES<br>SIRIKLA ATLAMA:&nbsp;ERSU \u015eA\u015eMAN(U23 T\u00dcRK\u0130YE REKORU)<br><br><strong>\u0130K\u0130NC\u0130LER<\/strong><br>200 METRE VE 400 METRE: MAHSUN KORKMAZ<br>800 METRE:&nbsp;ABDULLAH \u00d6ZDEM\u0130R<br><br><strong>U23 KADINLAR<\/strong><br><strong>B\u0130R\u0130NC\u0130LER<\/strong><br>800 METRE: DAMLA \u00c7EL\u0130K<br>1500 METRE: DAMLA \u00c7EL\u0130K<br>UZUN ATLAMA:&nbsp;ECEM \u00c7ALA\u011eAN<br><br><strong>\u0130K\u0130NC\u0130LER<\/strong><br>G\u00dcLLE ATMA:&nbsp;AYSEL YILMAZ<br><br><strong>U20 ERKEKLER<\/strong><br><br><strong>B\u0130R\u0130NC\u0130LER<\/strong><br>100 METRE: UMUT UYSAL<br>200 METRE:&nbsp;A\u015eKIN SAD\u0130 A\u015eKIN<br>800 METRE: MUSTAFA POLAT<br>1500 METRE: AHMET MUTLU<br>UZUN ATLAMA: YUNUS EMRE G\u00dcM\u00dc\u015e<br>SIRIKLA ATLAMA: \u00d6MER FARUK \u00c7ANAK\u00c7I<br>C\u0130R\u0130T ATMA:&nbsp;\u00d6MER FARUK AVAN<br><br><strong>\u0130K\u0130NC\u0130LER<\/strong><br>100 METRE: A\u015eKIN SAD\u0130 A\u015eKIN<br>110 METRE ENGELL\u0130: \u0130SMA\u0130L EREN ADIG\u00dcZEL<br>3 B\u0130N METRE ENGELL\u0130:&nbsp;AHMET MUTLU<br><br><strong>\u00dc\u00c7\u00dcNC\u00dcLER<\/strong><br>400 METRE:&nbsp;EM\u0130RHAN KO\u015e<br>110 METRE ENGELL\u0130:&nbsp;DO\u011eUKAN KILCIO\u011eLU<br>UZUN ATLAMA:&nbsp;EGEHAN KARABULUT<br>3 ADIM ATLAMA:&nbsp;BATUHAN \u00c7AKIR<br>Y\u00dcKSEK ATLAMA:&nbsp;BATUHAN \u00d6NDER<br>\u00c7EK\u0130\u00c7 ATMA:&nbsp;MEHMET KA\u015e<br>D\u0130SK ATMA:&nbsp;BURAK DERTL\u0130<br><br><strong>U20 KADINLAR<\/strong><br><strong>B\u0130R\u0130NC\u0130LER<\/strong><br>100 METRE: ZULHA ARMUT\u00c7U&nbsp;<br>400 METRE: ZEHRA ORAL<br>3 B\u0130N METRE:&nbsp;\u0130NC\u0130 KALKAN<br>5 B\u0130N METRE:&nbsp;EM\u0130NE AKB\u0130NG\u00d6L<br>100 METRE ENGELL\u0130:&nbsp;NEF\u0130SE KARATAY<br>400 METRE ENGELL\u0130:&nbsp;B\u00dc\u015eRA ALTINBA\u015e<br>UZUN ATLAMA:&nbsp;NEF\u0130SE KARATAY<br>3 ADIM ATLAMA:&nbsp;ESRA YILMAZ<br>Y\u00dcKSEK ATLAMA:&nbsp;R\u00dcMEYSA \u00d6KDEN<br>SIRIKLA ATLAMA:&nbsp;MENSURE TUTKU YILMAZ(U20 T\u00dcRK\u0130YE REKORU)&nbsp;<br>C\u0130R\u0130T ATMA:&nbsp;ESRA T\u00dcRKMEN<br><br><strong>\u0130K\u0130NC\u0130LER<\/strong><br>200 METRE:&nbsp;ZEHRA ORAL<br>3 B\u0130N METRE:&nbsp;AY\u015eE ECER<br>5 B\u0130N METRE:&nbsp;D\u0130LEK \u00d6ZT\u00dcRK<br>400 METRE ENGELL\u0130:&nbsp;LEYLA YANARDA\u011e<br>Y\u00dcKSEK ATLAMA:&nbsp;DO\u011eA OLGA \u00d6ZBAK\u0130<br>C\u0130R\u0130T ATMA:&nbsp;M\u00dcNEVVER HANCI<br><br><strong>\u00dc\u00c7\u00dcNC\u00dcLER<\/strong><br>400 METRE:&nbsp;ZEL\u0130HA \u00d6ZMEN<br>1500 METRE:&nbsp;AY\u015eE ECER<br>3 B\u0130N METRE:&nbsp;EM\u0130NE AKB\u0130NG\u00d6L<br>100 METRE ENGELL\u0130:&nbsp;HAYRUN\u0130SA KAPAR<br>400 METRE ENGELL\u0130:&nbsp;EL\u0130F POLAT<br>\u00c7EK\u0130\u00c7 ATMA:&nbsp;G\u0130ZEM \u0130LGAR<\/p>\n","protected":false},"excerpt":{"rendered":"<p>T\u00fcrkiye U20 ve U23 Atletizm \u015eampiyonas\u0131\u2019nda piste \u00e7\u0131kan sporcular\u0131m\u0131z, 2&#8217;si T\u00fcrkiye rekoru ba\u015fta olmak \u00fczere&nbsp;\u00e7ok say\u0131da ba\u015far\u0131l\u0131 derecelere imza att\u0131. 24-25 Haziran tarihlerinde Bursa\u2019da yap\u0131lan ferdi yar\u0131\u015flarda&nbsp;600\u2019den fazla atlet yar\u0131\u015f\u0131rken, Fenerbah\u00e7eli sporcular s\u0131r\u0131kla atlamada 2 T\u00fcrkiye rekoru k\u0131rd\u0131. \u015eampiyonan\u0131n ilk g\u00fcn\u00fcnde s\u0131r\u0131kla atlama U20 kad\u0131nlar m\u00fccadelesini kazanan Mesure Tutku Y\u0131lmaz, 4.22\u2019lik y\u00fcksekli\u011fi ikinci hakk\u0131nda ge\u00e7ti [&hellip;]<\/p>\n","protected":false},"author":1,"featured_media":8014,"comment_status":"closed","ping_status":"closed","sticky":false,"template":"","format":"standard","meta":{"jnews-multi-image_gallery":[],"jnews_single_post":{"subtitle":"","format":"standard","video":"","gallery":"","source_name":"","source_url":"","via_name":"","via_url":"","override":[{"single_blog_custom":"","sidebar":"","second_sidebar":"","share_position":"","share_float_style":"","post_date_format":"","post_date_format_custom":"","post_reading_time_wpm":"","number_popup_post":"1"}],"image_override":[{"single_post_thumbnail_size":"","single_post_gallery_size":""}],"trending_post_position":"","trending_post_label":""},"jnews_primary_category":{"id":"13"},"jnews_social_meta":{"fb_title":"","fb_description":"","fb_image":"","twitter_title":"","twitter_description":"","twitter_image":""},"jnews_override_counter":{"view_counter_number":"0","share_counter_number":"0","like_counter_number":"0","dislike_counter_number":"0"},"footnotes":""},"categories":[13,2],"tags":[32,23],"class_list":["post-8013","post","type-post","status-publish","format-standard","has-post-thumbnail","hentry","category-atletizm","category-haberler","tag-atletizm","tag-fenerbahce"],"amp_enabled":true,"_links":{"self":[{"href":"https:\/\/www.fener.org\/index.php\/wp-json\/wp\/v2\/posts\/8013","targetHints":{"allow":["GET"]}}],"collection":[{"href":"https:\/\/www.fener.org\/index.php\/wp-json\/wp\/v2\/posts"}],"about":[{"href":"https:\/\/www.fener.org\/index.php\/wp-json\/wp\/v2\/types\/post"}],"author":[{"embeddable":true,"href":"https:\/\/www.fener.org\/index.php\/wp-json\/wp\/v2\/users\/1"}],"replies":[{"embeddable":true,"href":"https:\/\/www.fener.org\/index.php\/wp-json\/wp\/v2\/comments?post=8013"}],"version-history":[{"count":1,"href":"https:\/\/www.fener.org\/index.php\/wp-json\/wp\/v2\/posts\/8013\/revisions"}],"predecessor-version":[{"id":8015,"href":"https:\/\/www.fener.org\/index.php\/wp-json\/wp\/v2\/posts\/8013\/revisions\/8015"}],"wp:featuredmedia":[{"embeddable":true,"href":"https:\/\/www.fener.org\/index.php\/wp-json\/wp\/v2\/media\/8014"}],"wp:attachment":[{"href":"https:\/\/www.fener.org\/index.php\/wp-json\/wp\/v2\/media?parent=8013"}],"wp:term":[{"taxonomy":"category","embeddable":true,"href":"https:\/\/www.fener.org\/index.php\/wp-json\/wp\/v2\/categories?post=8013"},{"taxonomy":"post_tag","embeddable":true,"href":"https:\/\/www.fener.org\/index.php\/wp-json\/wp\/v2\/tags?post=8013"}],"curies":[{"name":"wp","href":"https:\/\/api.w.org\/{rel}","templated":true}]}}