{"id":8005,"date":"2019-06-24T23:25:19","date_gmt":"2019-06-24T20:25:19","guid":{"rendered":"https:\/\/www.fener.org\/?p=8005"},"modified":"2019-06-24T23:25:23","modified_gmt":"2019-06-24T20:25:23","slug":"mert-kilavuzdan-2-gumus-madalya","status":"publish","type":"post","link":"https:\/\/www.fener.org\/index.php\/2019\/06\/24\/mert-kilavuzdan-2-gumus-madalya\/","title":{"rendered":"Mert K\u0131lavuz\u2019dan 2 g\u00fcm\u00fc\u015f madalya"},"content":{"rendered":"\n<p>Comen Akdeniz \u00dclkeleri Y\u0131ld\u0131zlar Y\u00fczme \u015eampiyonas\u0131, Bulgaristan\u2019\u0131n Burgaz \u015fehrinde 17 \u00fclkenin kat\u0131l\u0131m\u0131 ile yap\u0131ld\u0131.<\/p>\n\n\n\n<p>\u015eampiyonada erkeklerde 1., kad\u0131nlarda ise 2. olan T\u00fcrkiye, genel \ntoplamda \u0130talya\u2019n\u0131n ard\u0131ndan 24 puan ile 2. s\u0131rada yer ald\u0131 ve \ntarihindeki en ba\u015far\u0131l\u0131 derecesini elde etti.<\/p>\n\n\n\n<p>Organizasyonda Fenerbah\u00e7eli milli y\u00fcz\u00fcc\u00fc Mert K\u0131lavuz, 2 g\u00fcm\u00fc\u015f \nmadalya kazand\u0131. Mert, 400 metre serbestte ve 1500 metre serbestte \nikinci oldu.<\/p>\n","protected":false},"excerpt":{"rendered":"<p>Comen Akdeniz \u00dclkeleri Y\u0131ld\u0131zlar Y\u00fczme \u015eampiyonas\u0131, Bulgaristan\u2019\u0131n Burgaz \u015fehrinde 17 \u00fclkenin kat\u0131l\u0131m\u0131 ile yap\u0131ld\u0131. \u015eampiyonada erkeklerde 1., kad\u0131nlarda ise 2. olan T\u00fcrkiye, genel toplamda \u0130talya\u2019n\u0131n ard\u0131ndan 24 puan ile 2. s\u0131rada yer ald\u0131 ve tarihindeki en ba\u015far\u0131l\u0131 derecesini elde etti. Organizasyonda Fenerbah\u00e7eli milli y\u00fcz\u00fcc\u00fc Mert K\u0131lavuz, 2 g\u00fcm\u00fc\u015f madalya kazand\u0131. Mert, 400 metre serbestte ve [&hellip;]<\/p>\n","protected":false},"author":1,"featured_media":8008,"comment_status":"closed","ping_status":"closed","sticky":false,"template":"","format":"standard","meta":{"jnews-multi-image_gallery":[],"jnews_single_post":{"subtitle":"Milli y\u00fcz\u00fcc\u00fcm\u00fcz Mert K\u0131lavuz, Comen Akdeniz \u00dclkeleri Y\u0131ld\u0131zlar Y\u00fczme \u015eampiyonas\u0131\u2019nda 2 g\u00fcm\u00fc\u015f madalya kazand\u0131.","format":"standard","video":"","gallery":"","source_name":"","source_url":"","via_name":"","via_url":"","override":[{"single_blog_custom":"","sidebar":"","second_sidebar":"","share_position":"","share_float_style":"","post_date_format":"","post_date_format_custom":"","post_reading_time_wpm":"","number_popup_post":"1"}],"image_override":[{"single_post_thumbnail_size":"","single_post_gallery_size":""}],"trending_post_position":"","trending_post_label":""},"jnews_primary_category":{"id":"14"},"jnews_social_meta":{"fb_title":"","fb_description":"","fb_image":"","twitter_title":"","twitter_description":"","twitter_image":""},"jnews_override_counter":{"view_counter_number":"0","share_counter_number":"0","like_counter_number":"0","dislike_counter_number":"0"},"footnotes":""},"categories":[2,14],"tags":[23,33],"class_list":["post-8005","post","type-post","status-publish","format-standard","has-post-thumbnail","hentry","category-haberler","category-yuzme","tag-fenerbahce","tag-yuzme"],"amp_enabled":true,"_links":{"self":[{"href":"https:\/\/www.fener.org\/index.php\/wp-json\/wp\/v2\/posts\/8005","targetHints":{"allow":["GET"]}}],"collection":[{"href":"https:\/\/www.fener.org\/index.php\/wp-json\/wp\/v2\/posts"}],"about":[{"href":"https:\/\/www.fener.org\/index.php\/wp-json\/wp\/v2\/types\/post"}],"author":[{"embeddable":true,"href":"https:\/\/www.fener.org\/index.php\/wp-json\/wp\/v2\/users\/1"}],"replies":[{"embeddable":true,"href":"https:\/\/www.fener.org\/index.php\/wp-json\/wp\/v2\/comments?post=8005"}],"version-history":[{"count":1,"href":"https:\/\/www.fener.org\/index.php\/wp-json\/wp\/v2\/posts\/8005\/revisions"}],"predecessor-version":[{"id":8007,"href":"https:\/\/www.fener.org\/index.php\/wp-json\/wp\/v2\/posts\/8005\/revisions\/8007"}],"wp:featuredmedia":[{"embeddable":true,"href":"https:\/\/www.fener.org\/index.php\/wp-json\/wp\/v2\/media\/8008"}],"wp:attachment":[{"href":"https:\/\/www.fener.org\/index.php\/wp-json\/wp\/v2\/media?parent=8005"}],"wp:term":[{"taxonomy":"category","embeddable":true,"href":"https:\/\/www.fener.org\/index.php\/wp-json\/wp\/v2\/categories?post=8005"},{"taxonomy":"post_tag","embeddable":true,"href":"https:\/\/www.fener.org\/index.php\/wp-json\/wp\/v2\/tags?post=8005"}],"curies":[{"name":"wp","href":"https:\/\/api.w.org\/{rel}","templated":true}]}}