{"id":7984,"date":"2019-06-20T11:17:23","date_gmt":"2019-06-20T08:17:23","guid":{"rendered":"https:\/\/www.fener.org\/?p=7984"},"modified":"2019-06-20T11:17:27","modified_gmt":"2019-06-20T08:17:27","slug":"obradovic-kariyerim-boyunca-son-2-ayda-yasadiklarimi-yasamadim","status":"publish","type":"post","link":"https:\/\/www.fener.org\/index.php\/2019\/06\/20\/obradovic-kariyerim-boyunca-son-2-ayda-yasadiklarimi-yasamadim\/","title":{"rendered":"Obradovic: Kariyerim boyunca son 2 ayda ya\u015fad\u0131klar\u0131m\u0131 ya\u015famad\u0131m"},"content":{"rendered":"\n<p>\u0130lk olarak kar\u015f\u0131la\u015fmay\u0131 de\u011ferlendiren Obradovic \u015funlar\u0131 s\u00f6yledi:<\/p>\n\n\n\n<blockquote class=\"wp-block-quote is-layout-flow wp-block-quote-is-layout-flow\"><p>\u201cMa\u00e7\u0131n sonuyla ba\u015flamak istiyorum, taraftarlar\u0131m\u0131z tak\u0131m\u0131 tekrar sahaya \u00e7a\u011f\u0131rd\u0131. Onlar\u0131n deste\u011fi \u00e7ok \u00f6nemli. T\u00fcm sezon boyunca destek oldular. Onlara \u00e7ok te\u015fekk\u00fcre diyorum. Oyunculara da m\u00fcthi\u015f ma\u00e7 i\u00e7in \u00e7ok te\u015fekk\u00fcr ediyorum. Ve 40 dakika boyunca sahada verdikleri her \u015fey i\u00e7in. Sinan Erdem\u2019deki son ma\u00e7tan sonra da onlarla gurur duydu\u011fumu s\u00f6ylemi\u015ftim. O ma\u00e7ta Gigi haf\u0131zas\u0131n\u0131 kaybetti. \u00c7ok ciddi bir \u015fey ya\u015famas\u0131na ra\u011fmen tak\u0131ma destek olmak i\u00e7in elinden geleni yapt\u0131. Oradaki son \u00e7eyrekte Ahmet\u2019in b\u00fcy\u00fck ac\u0131s\u0131 vard\u0131 ve b\u00fcy\u00fck ihtimal bu ma\u00e7ta oynamayacakt\u0131. O da tak\u0131ma yard\u0131m etmek i\u00e7in i\u011fne yapt\u0131rd\u0131 ve oynad\u0131. Tak\u0131m\u0131mla ger\u00e7ekten gurur duyuyorum ve onlara te\u015fekk\u00fcr ediyorum. Tak\u0131m ruhuna sahip bir ekibiz ve sava\u015fmaya da devam edece\u011fiz. \u00c7ok g\u00fczel bir final serisi ge\u00e7iyor. \u0130ki farkl\u0131 kadroyla oynayan iki EuroLeague tak\u0131m\u0131\u2026 Basketbolseverlerin bu seriden \u00e7ok keyif ald\u0131\u011f\u0131n\u0131 d\u00fc\u015f\u00fcn\u00fcyorum. 14. g\u00fcnde 7. ma\u00e7\u0131m\u0131z, ger\u00e7ekten kolay de\u011fil. Elimizden gelen her \u015feyi vermemiz gerekiyor ve nas\u0131l oynad\u0131\u011f\u0131m\u0131z\u0131 anlamam\u0131z gerekiyor. Sonu\u00e7 ne olursa olsun ben tak\u0131m\u0131mla gurur duyaca\u011f\u0131m. Antren\u00f6rl\u00fck kariyerim boyunca son 2-3 ayda ya\u015fad\u0131\u011f\u0131m gibi bir \u015feyi hi\u00e7 ya\u015famad\u0131m. \u00c7ok fazla \u015fey ya\u015fad\u0131k. Sa\u011fl\u0131kl\u0131 olsalar da ba\u015fka problemler vard\u0131 ama herkes tak\u0131ma destek olmak i\u00e7in \u00e7ok \u00e7al\u0131\u015ft\u0131. Taraftar\u0131m\u0131z da bunun fark\u0131nda ve o y\u00fczden de bize destek oluyor. Cuma g\u00fcn\u00fc en iyisini yapmaya \u00e7al\u0131\u015faca\u011f\u0131z ama sonu\u00e7 ne olursa olsun bu sezonla gurur duymam\u0131z gerekiyor.\u201d<\/p><\/blockquote>\n\n\n\n<p>Ergin Ataman\u2019\u0131n ma\u00e7 sonu yapt\u0131\u011f\u0131 a\u00e7\u0131klamalarda ailesini salona getirememesiyle ilgili sorulan soruya Obradovic \u015fu yan\u0131t\u0131 verdi:<\/p>\n\n\n\n<blockquote class=\"wp-block-quote is-layout-flow wp-block-quote-is-layout-flow\"><p>\u201cHerkes gelmek i\u00e7in \u00f6zg\u00fcrd\u00fcr ve burada kesinlikle kimsenin ba\u015f\u0131na bir \u015fey gelmez. Ben 6 y\u0131ld\u0131r buraday\u0131m, hepiniz ma\u00e7lar\u0131 takip ediyorsunuz. Herhangi bir \u015fey oldu mu? Herhangi bir tak\u0131m veya ki\u015fiyle bu salonda herhangi bir sorun ya\u015fad\u0131k m\u0131? Anadolu Efes\u2019le de hi\u00e7bir \u015fey olmad\u0131. Her zaman s\u00f6yledi\u011fim gibi b\u00fct\u00fcn rakiplerimize sayg\u0131 duymal\u0131y\u0131z. Ben her zaman basketbolla ilgili konu\u015fman\u0131n daha \u00f6nemli oldu\u011funu d\u00fc\u015f\u00fcn\u00fcyorum. \u00c7ok iyi bir sezon ya\u015fan\u0131yor, \u015fu an \u00e7ok iyi iki tak\u0131m basketbol oynuyor.\u201d<\/p><\/blockquote>\n\n\n\n<p>Sinan Erdem Spor Salonu\u2019nda oynanacak \u015fampiyonluk ma\u00e7\u0131nda taraftarlar\u0131m\u0131z\u0131n yer almayacak olmas\u0131yla ilgili soruyu Obradovic,<\/p>\n\n\n\n<blockquote class=\"wp-block-quote is-layout-flow wp-block-quote-is-layout-flow\"><p>\u201cAvrupa\u2019da da bir\u00e7ok salonda taraftarlar\u0131m\u0131z\u0131n olmad\u0131\u011f\u0131 yerlerde oynad\u0131k. Bizi \u00e7ok etkilemeyecek, ma\u00e7\u0131m\u0131z\u0131 oynayaca\u011f\u0131z.\u201d<\/p><\/blockquote>\n\n\n\n<p>\u015feklinde cevaplad\u0131.<\/p>\n\n\n\n<p>Obradovic son olarak, Sinan Erdem Spor Salonu&#8217;nda oynanan 5. ma\u00e7ta ya\u015fanan amb\u00fclans olay\u0131yla ilgili sorulan soruyu ise \u015fu yan\u0131t\u0131 verdi:<\/p>\n\n\n\n<blockquote class=\"wp-block-quote is-layout-flow wp-block-quote-is-layout-flow\"><p>\u201c\u0130nsan olarak sorumluluk almam\u0131z gerekiyor. Antren\u00f6rden, oyuncudan \u00f6nce insan olmam\u0131z gerekiyor. G\u00f6revleri insanlara yard\u0131m etmek olan ki\u015filer yard\u0131mc\u0131 olmuyorsa da onlar hakk\u0131nda yorum yapmaya gerek yok. Hepimizin ailesi var. Kendinizi bu duruma koyun. Hangi formay\u0131 giydi\u011finiz \u00f6nemli de\u011fil.\u201d<\/p><\/blockquote>\n\n\n\n<p><\/p>\n","protected":false},"excerpt":{"rendered":"<p>\u0130lk olarak kar\u015f\u0131la\u015fmay\u0131 de\u011ferlendiren Obradovic \u015funlar\u0131 s\u00f6yledi: \u201cMa\u00e7\u0131n sonuyla ba\u015flamak istiyorum, taraftarlar\u0131m\u0131z tak\u0131m\u0131 tekrar sahaya \u00e7a\u011f\u0131rd\u0131. Onlar\u0131n deste\u011fi \u00e7ok \u00f6nemli. T\u00fcm sezon boyunca destek oldular. Onlara \u00e7ok te\u015fekk\u00fcre diyorum. Oyunculara da m\u00fcthi\u015f ma\u00e7 i\u00e7in \u00e7ok te\u015fekk\u00fcr ediyorum. Ve 40 dakika boyunca sahada verdikleri her \u015fey i\u00e7in. Sinan Erdem\u2019deki son ma\u00e7tan sonra da onlarla gurur duydu\u011fumu [&hellip;]<\/p>\n","protected":false},"author":1,"featured_media":7551,"comment_status":"closed","ping_status":"closed","sticky":false,"template":"","format":"standard","meta":{"jnews-multi-image_gallery":[],"jnews_single_post":{"subtitle":"Fenerbah\u00e7e Erkek Basketbol Tak\u0131m\u0131m\u0131z\u0131n Ba\u015fantren\u00f6r\u00fc Zeljko Obradovic, tak\u0131m\u0131m\u0131z\u0131n Anadolu Efes kar\u015f\u0131s\u0131nda ald\u0131\u011f\u0131 galibiyetinin ard\u0131ndan d\u00fczenlenen bas\u0131n toplant\u0131s\u0131nda a\u00e7\u0131klamalarda bulundu.","format":"standard","video":"","gallery":"","source_name":"","source_url":"","via_name":"","via_url":"","override":[{"single_blog_custom":"","sidebar":"","second_sidebar":"","share_position":"","share_float_style":"","post_date_format":"","post_date_format_custom":"","post_reading_time_wpm":"","number_popup_post":"1"}],"image_override":[{"single_post_thumbnail_size":"","single_post_gallery_size":""}],"trending_post_position":"","trending_post_label":""},"jnews_primary_category":{"id":"5"},"jnews_social_meta":{"fb_title":"","fb_description":"","fb_image":"","twitter_title":"","twitter_description":"","twitter_image":""},"jnews_override_counter":{"view_counter_number":"0","share_counter_number":"0","like_counter_number":"0","dislike_counter_number":"0"},"footnotes":""},"categories":[5,6,2],"tags":[24,23,75],"class_list":["post-7984","post","type-post","status-publish","format-standard","has-post-thumbnail","hentry","category-basketbol","category-erkek-basketbol","category-haberler","tag-basketbol","tag-fenerbahce","tag-zeljkoobradovic"],"amp_enabled":true,"_links":{"self":[{"href":"https:\/\/www.fener.org\/index.php\/wp-json\/wp\/v2\/posts\/7984","targetHints":{"allow":["GET"]}}],"collection":[{"href":"https:\/\/www.fener.org\/index.php\/wp-json\/wp\/v2\/posts"}],"about":[{"href":"https:\/\/www.fener.org\/index.php\/wp-json\/wp\/v2\/types\/post"}],"author":[{"embeddable":true,"href":"https:\/\/www.fener.org\/index.php\/wp-json\/wp\/v2\/users\/1"}],"replies":[{"embeddable":true,"href":"https:\/\/www.fener.org\/index.php\/wp-json\/wp\/v2\/comments?post=7984"}],"version-history":[{"count":1,"href":"https:\/\/www.fener.org\/index.php\/wp-json\/wp\/v2\/posts\/7984\/revisions"}],"predecessor-version":[{"id":7985,"href":"https:\/\/www.fener.org\/index.php\/wp-json\/wp\/v2\/posts\/7984\/revisions\/7985"}],"wp:featuredmedia":[{"embeddable":true,"href":"https:\/\/www.fener.org\/index.php\/wp-json\/wp\/v2\/media\/7551"}],"wp:attachment":[{"href":"https:\/\/www.fener.org\/index.php\/wp-json\/wp\/v2\/media?parent=7984"}],"wp:term":[{"taxonomy":"category","embeddable":true,"href":"https:\/\/www.fener.org\/index.php\/wp-json\/wp\/v2\/categories?post=7984"},{"taxonomy":"post_tag","embeddable":true,"href":"https:\/\/www.fener.org\/index.php\/wp-json\/wp\/v2\/tags?post=7984"}],"curies":[{"name":"wp","href":"https:\/\/api.w.org\/{rel}","templated":true}]}}