{"id":7935,"date":"2019-06-14T18:02:03","date_gmt":"2019-06-14T15:02:03","guid":{"rendered":"https:\/\/www.fener.org\/?p=7935"},"modified":"2019-06-14T18:02:07","modified_gmt":"2019-06-14T15:02:07","slug":"obradovic-bir-sonraki-maca-konsantre-olmamiz-gerekiyor","status":"publish","type":"post","link":"https:\/\/www.fener.org\/index.php\/2019\/06\/14\/obradovic-bir-sonraki-maca-konsantre-olmamiz-gerekiyor\/","title":{"rendered":"Obradovic: Bir sonraki ma\u00e7a konsantre olmam\u0131z gerekiyor"},"content":{"rendered":"\n<p>Tak\u0131m\u0131n\u0131 desteklemeye devam etti\u011fini vurgulayan Zeljko Obradovic, konu\u015fmas\u0131nda \u015funlar\u0131 s\u00f6yledi:<\/p>\n\n\n\n<blockquote class=\"wp-block-quote is-layout-flow wp-block-quote-is-layout-flow\"><p>\u201cAnadolu Efes\u2019i galibiyet i\u00e7in tebrik ediyorum. Bizim a\u00e7\u0131m\u0131zdan \u00e7ok net \u015feyler var. Tak\u0131m\u0131 desteklemeye devam edece\u011fim \u00e7\u00fcnk\u00fc bunu hak ettiklerine inan\u0131yorum. Yakla\u015f\u0131k 48 saatten daha az bir s\u00fcre var. Cumartesi g\u00fcn\u00fc oynanacak ma\u00e7a haz\u0131rlanarak bunu yapaca\u011f\u0131z. Play-off zaman\u0131nda \u00e7ok fazla ini\u015f-\u00e7\u0131k\u0131\u015f olabilece\u011fini biliyoruz. Oyuncular\u0131m\u0131n ger\u00e7ekten deste\u011fe ihtiyac\u0131 var. Bu g\u00fczel atmosfer i\u00e7in taraftarlar\u0131m\u0131za te\u015fekk\u00fcr ediyoruz. Ayn\u0131 \u015fekilde cumartesi g\u00fcn\u00fc de gelip tak\u0131m\u0131m\u0131za destek olmalar\u0131n\u0131 bekliyoruz. Ma\u00e7tan \u00f6nce soyunma odas\u0131nda konu\u015ftuk, hepimiz \u00e7ok \u00fczg\u00fcn\u00fcz Sloukas\u2019\u0131n babas\u0131n\u0131n vefat\u0131ndan dolay\u0131. Onun i\u00e7in \u00e7ok zor bir durumdu, tak\u0131ma destek olmak i\u00e7in geri geldi. Antren\u00f6r olarak bundan dolay\u0131 \u00e7ok mutluyum, ona \u00e7ok te\u015fekk\u00fcr ediyorum. Ne olursa olsun biz her zaman bir olaca\u011f\u0131z. \u0130lk geldi\u011fim g\u00fcnden beri b\u00f6yle ve b\u00f6yle olmaya devam edecek. Bug\u00fcn \u00e7ok k\u00f6t\u00fcyd\u00fck, \u00e7ok fazla ka\u00e7\u0131rd\u0131k. Girmeyince ba\u015fka opsiyonlar olabiliyor ama \u015fu an bir sonraki ma\u00e7a konsantre olmam\u0131z gerekiyor.\u201d<\/p><\/blockquote>\n","protected":false},"excerpt":{"rendered":"<p>Tak\u0131m\u0131n\u0131 desteklemeye devam etti\u011fini vurgulayan Zeljko Obradovic, konu\u015fmas\u0131nda \u015funlar\u0131 s\u00f6yledi: \u201cAnadolu Efes\u2019i galibiyet i\u00e7in tebrik ediyorum. Bizim a\u00e7\u0131m\u0131zdan \u00e7ok net \u015feyler var. Tak\u0131m\u0131 desteklemeye devam edece\u011fim \u00e7\u00fcnk\u00fc bunu hak ettiklerine inan\u0131yorum. Yakla\u015f\u0131k 48 saatten daha az bir s\u00fcre var. Cumartesi g\u00fcn\u00fc oynanacak ma\u00e7a haz\u0131rlanarak bunu yapaca\u011f\u0131z. Play-off zaman\u0131nda \u00e7ok fazla ini\u015f-\u00e7\u0131k\u0131\u015f olabilece\u011fini biliyoruz. Oyuncular\u0131m\u0131n ger\u00e7ekten [&hellip;]<\/p>\n","protected":false},"author":1,"featured_media":7551,"comment_status":"closed","ping_status":"closed","sticky":false,"template":"","format":"standard","meta":{"jnews-multi-image_gallery":[],"jnews_single_post":{"subtitle":"Fenerbah\u00e7e Erkek Basketbol Tak\u0131m\u0131m\u0131z\u0131n Ba\u015fantren\u00f6r\u00fc Zeljko Obradovic, tak\u0131m\u0131m\u0131z\u0131n Tahincio\u011flu Basketbol S\u00fcper Ligi play-off final serisi \u00fc\u00e7\u00fcnc\u00fc ma\u00e7\u0131nda Anadolu Efes ile oynad\u0131\u011f\u0131 ma\u00e7\u0131n ard\u0131ndan d\u00fczenlenen bas\u0131n toplant\u0131s\u0131nda konu\u015ftu.","format":"standard","video":"","gallery":"","source_name":"","source_url":"","via_name":"","via_url":"","override":[{"single_blog_custom":"","sidebar":"","second_sidebar":"","share_position":"","share_float_style":"","post_date_format":"","post_date_format_custom":"","post_reading_time_wpm":"","number_popup_post":"1"}],"image_override":[{"single_post_thumbnail_size":"","single_post_gallery_size":""}],"trending_post_position":"","trending_post_label":""},"jnews_primary_category":{"id":"5"},"jnews_social_meta":{"fb_title":"","fb_description":"","fb_image":"","twitter_title":"","twitter_description":"","twitter_image":""},"jnews_override_counter":{"view_counter_number":"0","share_counter_number":"0","like_counter_number":"0","dislike_counter_number":"0"},"footnotes":""},"categories":[5,6,2],"tags":[24,23,75],"class_list":["post-7935","post","type-post","status-publish","format-standard","has-post-thumbnail","hentry","category-basketbol","category-erkek-basketbol","category-haberler","tag-basketbol","tag-fenerbahce","tag-zeljkoobradovic"],"amp_enabled":true,"_links":{"self":[{"href":"https:\/\/www.fener.org\/index.php\/wp-json\/wp\/v2\/posts\/7935","targetHints":{"allow":["GET"]}}],"collection":[{"href":"https:\/\/www.fener.org\/index.php\/wp-json\/wp\/v2\/posts"}],"about":[{"href":"https:\/\/www.fener.org\/index.php\/wp-json\/wp\/v2\/types\/post"}],"author":[{"embeddable":true,"href":"https:\/\/www.fener.org\/index.php\/wp-json\/wp\/v2\/users\/1"}],"replies":[{"embeddable":true,"href":"https:\/\/www.fener.org\/index.php\/wp-json\/wp\/v2\/comments?post=7935"}],"version-history":[{"count":1,"href":"https:\/\/www.fener.org\/index.php\/wp-json\/wp\/v2\/posts\/7935\/revisions"}],"predecessor-version":[{"id":7936,"href":"https:\/\/www.fener.org\/index.php\/wp-json\/wp\/v2\/posts\/7935\/revisions\/7936"}],"wp:featuredmedia":[{"embeddable":true,"href":"https:\/\/www.fener.org\/index.php\/wp-json\/wp\/v2\/media\/7551"}],"wp:attachment":[{"href":"https:\/\/www.fener.org\/index.php\/wp-json\/wp\/v2\/media?parent=7935"}],"wp:term":[{"taxonomy":"category","embeddable":true,"href":"https:\/\/www.fener.org\/index.php\/wp-json\/wp\/v2\/categories?post=7935"},{"taxonomy":"post_tag","embeddable":true,"href":"https:\/\/www.fener.org\/index.php\/wp-json\/wp\/v2\/tags?post=7935"}],"curies":[{"name":"wp","href":"https:\/\/api.w.org\/{rel}","templated":true}]}}